{"id":8894,"date":"2023-05-03T14:16:37","date_gmt":"2023-05-03T14:16:37","guid":{"rendered":"https:\/\/lacasadelguatin.co\/?p=8894"},"modified":"2023-08-02T13:22:15","modified_gmt":"2023-08-02T13:22:15","slug":"un-tema-con-muchas-aristas","status":"publish","type":"post","link":"https:\/\/lacasadelguatin.co\/index.php\/2023\/05\/03\/un-tema-con-muchas-aristas\/","title":{"rendered":"Un tema con muchas aristas"},"content":{"rendered":"\n<p>Mientras espero en La EPS, el tr\u00e1mite de una situaci\u00f3n relacionada con mi salud, pienso en la fragilidad del ser humano y en su vulnerabilidad. Y estos pensamientos me llevan a reflexionar sobre lo acontecido el pasado 22 de diciembre, cuando en uno de los grupos de WhatsApp, algunos vecinos de La Buitrera comentaron sobre reiterados casos de inseguridad en el territorio, como robos, atracos, y personas sospechosas merodeando por v\u00edas y callejones. <br>Esto fue el bot\u00f3n de alarma para que, ese mismo d\u00eda, una persona tomara la iniciativa de abrir el \u201cGrupo de Emergencia La Buitrera\u201d, hoy \u201cSeguridad Buitrera\u201d, al cual, en pocas horas ya se hab\u00edan sumado cerca de 150 integrantes y actualmente agrupa a m\u00e1s de 200 vecinos. <br>Y es que la seguridad es un tema sensible que nos ata\u00f1e a todos. Hablar de seguridad, o inseguridad en La Buitrera, lamentablemente se ha vuelto un tema recurrente en los \u00faltimos tiempos. El territorio que no hace mucho tiempo era considerado un para\u00edso en las monta\u00f1as, donde se pod\u00eda vivir en medio de la naturaleza, con tranquilidad y paz, se ha visto afectado por esta problem\u00e1tica que normalmente se consideraba casi que exclusiva de las \u00e1reas urbanas. <br>Algunos aseguran que una de las causas es la proximidad de asentamientos subnormales al otro lado del r\u00edo Mel\u00e9ndez y la existencia de cuatro puentes que nos comunican. Otros mencionan a j\u00f3venes desadaptados delincuentes que llegan en sus motos provenientes de barrios marginales de la ciudad, a trav\u00e9s de La Reforma y La Fonda, zonas del r\u00edo convertidas en balnearios. Unos pocos se atreven a asegurar que tambi\u00e9n hay dentro del territorio, peque\u00f1os grupos de j\u00f3venes viciosos que optan por delinquir y que la escasa presencia de autoridad policial hace que nuestro territorio sea terreno vulnerable y f\u00e1cil para su accionar. <br>Probablemente unos y otros tienen parte de la verdad; sin embargo, parece ser que las verdaderas razones, las causas de fondo, son mucho m\u00e1s complejas y tienen que ver en primer lugar con el sistema econ\u00f3mico actual, donde es evidente la injusticia, la desigualdad y la falta de oportunidades. A esto se suma la p\u00e9rdida de valores humanos. La corrupci\u00f3n se volvi\u00f3 un lugar com\u00fan en nuestro pa\u00eds, alimentada con el dinero sucio del narcotr\u00e1fico que perme\u00f3 todas las esferas de la econom\u00eda y la sociedad; pol\u00edticos, empresarios, gobernantes y gente del com\u00fan. Esa cultura del dinero f\u00e1cil, lamentablemente ha hecho carrera entre nosotros. El bienestar individual primando sobre el colectivo, y muchos de nuestros j\u00f3venes marginados, con los sue\u00f1os rotos y un futuro incierto, subi\u00e9ndose en esa ola y tomando malas decisiones. J\u00f3venes an\u00f3nimos para la sociedad, hijos de familias desplazadas del campo por la violencia y el abuso de tantas d\u00e9cadas; muchos de ellos abandonados, maltratados y abusados, con rabia y falta de principios, que act\u00faan sin escr\u00fapulos, atra\u00eddos por una econom\u00eda ilegal y la generaci\u00f3n de riqueza. Y detr\u00e1s de eso, drogas, alcohol, falta de educaci\u00f3n, de oportunidades, de equidad, de justicia social, de presencia familiar, de afecto\u2026 Situaciones desgarradoras y reales en estos dif\u00edciles entornos econ\u00f3mica y socialmente vulnerados y vulnerables. <br>Solo cuando el SER, prime sobre el TENER, podremos considerar que estamos cumpliendo con nuestro cometido como seres humanos evolucionados. Porque la inteligencia, solamente vinculada a los avances tecnol\u00f3gicos, de nada sirve, en un planeta donde la producci\u00f3n y acumulaci\u00f3n de riqueza priman sobre la conservaci\u00f3n de la VIDA y la convivencia armoniosa. <br>Y como algo positivo, vuelvo al punto inicial, para mencionar que, en este peque\u00f1o rinc\u00f3n del planeta, en nuestro territorio de La Buitrera, hay personas que se unen para lograr cumplir con el deseo de mejorar sus vidas, la seguridad de sus hogares y las de sus vecinos. Su compromiso y uni\u00f3n es un ejemplo para todos, porque muestran resultados: mingas, reuniones con las autoridades, grupos culturales, de deporte o de estudio, acueducto comunitario, mejoramiento de v\u00edas, redes de seguridad. Esto es una demostraci\u00f3n clara de que s\u00ed es posible enderezar el rumbo, construir nuevas realidades y rescatar la tranquilidad de antes, porque esto hace parte de la ruralidad y es un componente inherente a la vida que buscamos los que hemos decidido vivir en estas monta\u00f1as. Por eso, un aplauso desde estas p\u00e1ginas a las personas que, con su iniciativa, compromiso, voluntad y trabajo, est\u00e1n logrando cambios positivos en este peque\u00f1o y hermoso rinc\u00f3n del planeta. <br>Hacemos un llamado a la comunidad de sumarse a estas causas comunes.<\/p>\n","protected":false},"excerpt":{"rendered":"<p>Mientras espero en La EPS, el tr\u00e1mite de una situaci\u00f3n relacionada con mi salud, pienso en la fragilidad del ser humano y en su vulnerabilidad. Y estos pensamientos me llevan a reflexionar sobre lo acontecido el pasado 22 de diciembre, cuando en uno de los grupos de WhatsApp, algunos vecinos de La Buitrera comentaron sobre [&hellip;]<\/p>\n","protected":false},"author":1,"featured_media":5778,"comment_status":"open","ping_status":"open","sticky":false,"template":"","format":"standard","meta":{"_monsterinsights_skip_tracking":false,"_monsterinsights_sitenote_active":false,"_monsterinsights_sitenote_note":"","_monsterinsights_sitenote_category":0,"_joinchat":[],"footnotes":""},"categories":[7],"tags":[],"class_list":["post-8894","post","type-post","status-publish","format-standard","has-post-thumbnail","hentry","category-seguridad"],"aioseo_notices":[],"_links":{"self":[{"href":"https:\/\/lacasadelguatin.co\/index.php\/wp-json\/wp\/v2\/posts\/8894","targetHints":{"allow":["GET"]}}],"collection":[{"href":"https:\/\/lacasadelguatin.co\/index.php\/wp-json\/wp\/v2\/posts"}],"about":[{"href":"https:\/\/lacasadelguatin.co\/index.php\/wp-json\/wp\/v2\/types\/post"}],"author":[{"embeddable":true,"href":"https:\/\/lacasadelguatin.co\/index.php\/wp-json\/wp\/v2\/users\/1"}],"replies":[{"embeddable":true,"href":"https:\/\/lacasadelguatin.co\/index.php\/wp-json\/wp\/v2\/comments?post=8894"}],"version-history":[{"count":1,"href":"https:\/\/lacasadelguatin.co\/index.php\/wp-json\/wp\/v2\/posts\/8894\/revisions"}],"predecessor-version":[{"id":8895,"href":"https:\/\/lacasadelguatin.co\/index.php\/wp-json\/wp\/v2\/posts\/8894\/revisions\/8895"}],"wp:featuredmedia":[{"embeddable":true,"href":"https:\/\/lacasadelguatin.co\/index.php\/wp-json\/wp\/v2\/media\/5778"}],"wp:attachment":[{"href":"https:\/\/lacasadelguatin.co\/index.php\/wp-json\/wp\/v2\/media?parent=8894"}],"wp:term":[{"taxonomy":"category","embeddable":true,"href":"https:\/\/lacasadelguatin.co\/index.php\/wp-json\/wp\/v2\/categories?post=8894"},{"taxonomy":"post_tag","embeddable":true,"href":"https:\/\/lacasadelguatin.co\/index.php\/wp-json\/wp\/v2\/tags?post=8894"}],"curies":[{"name":"wp","href":"https:\/\/api.w.org\/{rel}","templated":true}]}}