{"id":8363,"date":"2023-04-27T03:36:25","date_gmt":"2023-04-27T03:36:25","guid":{"rendered":"https:\/\/lacasadelguatin.co\/?p=8363"},"modified":"2023-08-04T14:50:44","modified_gmt":"2023-08-04T14:50:44","slug":"editorial-edicion-no-8","status":"publish","type":"post","link":"https:\/\/lacasadelguatin.co\/index.php\/2023\/04\/27\/editorial-edicion-no-8\/","title":{"rendered":"Editorial Edici\u00f3n No. 8"},"content":{"rendered":"\t\t<div data-elementor-type=\"wp-post\" data-elementor-id=\"8363\" class=\"elementor elementor-8363\" data-elementor-post-type=\"post\">\n\t\t\t\t\t\t<section class=\"elementor-section elementor-top-section elementor-element elementor-element-28578c89 elementor-section-boxed elementor-section-height-default elementor-section-height-default\" data-id=\"28578c89\" data-element_type=\"section\" data-e-type=\"section\">\n\t\t\t\t\t\t<div class=\"elementor-container elementor-column-gap-default\">\n\t\t\t\t\t<div class=\"elementor-column elementor-col-100 elementor-top-column elementor-element elementor-element-21e70e07\" data-id=\"21e70e07\" data-element_type=\"column\" data-e-type=\"column\">\n\t\t\t<div class=\"elementor-widget-wrap elementor-element-populated\">\n\t\t\t\t\t\t<div class=\"elementor-element elementor-element-1fa3d47e elementor-widget elementor-widget-text-editor\" data-id=\"1fa3d47e\" data-element_type=\"widget\" data-e-type=\"widget\" data-widget_type=\"text-editor.default\">\n\t\t\t\t\t\t\t\t\t\n<p>De reuni\u00f3n en reuni\u00f3n, de taller en taller, la situaci\u00f3n de La Buitrera sigue degrad\u00e1ndose: seguridad, v\u00edas, r\u00edos y quebradas, medio ambiente, servicios p\u00fablicos, estratificaci\u00f3n, impuestos prediales, invasiones, construcciones informales desaforadas, y seguir\u00e1 as\u00ed mientras no haya gobernanza local con gente que conozca, sienta y le duela el territorio. <br \/>Por lo tanto, aplaudimos las iniciativas de la JAL, once JAC (Juntas de Acci\u00f3n Comunal), y varios grupos e instituciones locales de crear una MESA DE GOBERNANZA LOCAL que debate los problemas y propone soluciones. <br \/>Queda la pregunta: \u00bfQui\u00e9nes tienen que finiquitar, financiar y ejecutar las soluciones? Para avanzar de forma democr\u00e1tica, la MESA convoca a una gran ASAMBLEA COMUNITARIA el s\u00e1bado 29 de abril en el Polideportivo del Plan. Bravo por esta iniciativa que, como peri\u00f3dico local, nos complace apoyar. <br \/>LA CASA DEL GUAT\u00cdN los invita tambi\u00e9n a participar en las actividades de GUATICOMIX, un grupo de ilustradores y dibujantes rurales de La Buitrera que, en colaboraci\u00f3n con el Centro Cultural del corregimiento de La Leonera (\u201cMonta\u00f1eros Sketchers\u201d) organiza en La Buitrera y en La Leonera el FESTIVAL DEL PAISAJE DIBUJADO entre el 25 y el 27 de mayo. GUATICOMIX es la \u201cavanzada\u201d del CCBU (Centro Cultural y Comunitario de La Buitrera) que abrir\u00e1 sus puertas en el segundo semestre de este a\u00f1o.<\/p>\n<p><strong>LLAMADO A VECINOS A INCORPORARSE EN GRUPOS DE TRABAJO PARA ORGANIZAR NUESTRA BUITRERA<\/strong><img fetchpriority=\"high\" decoding=\"async\" class=\"aligncenter wp-image-8533\" src=\"http:\/\/lacasadelguatin.co\/wp-content\/uploads\/2023\/04\/grupos-trabajo-scaled.webp\" alt=\"\" width=\"1041\" height=\"807\" srcset=\"https:\/\/lacasadelguatin.co\/wp-content\/uploads\/2023\/04\/grupos-trabajo-scaled.webp 2560w, https:\/\/lacasadelguatin.co\/wp-content\/uploads\/2023\/04\/grupos-trabajo-300x232.webp 300w, https:\/\/lacasadelguatin.co\/wp-content\/uploads\/2023\/04\/grupos-trabajo-1024x794.webp 1024w, https:\/\/lacasadelguatin.co\/wp-content\/uploads\/2023\/04\/grupos-trabajo-768x595.webp 768w, https:\/\/lacasadelguatin.co\/wp-content\/uploads\/2023\/04\/grupos-trabajo-1536x1190.webp 1536w, https:\/\/lacasadelguatin.co\/wp-content\/uploads\/2023\/04\/grupos-trabajo-2048x1587.webp 2048w\" sizes=\"(max-width: 1041px) 100vw, 1041px\" \/> <br \/>El grupo \u201cBUITRERA FUTURO\u201d llama a colaboraci\u00f3n de vecinos para participar en grupos tem\u00e1ticos de trabajo que propongan planificaci\u00f3n, reglas y normas locales, acciones, obras y\/o mantenimiento en los campos siguientes:<\/p>\n<ul>\n<li>Seguridad, convivencia y justicia.<\/li>\n<li>Transporte<\/li>\n<li>V\u00edas, infraestructura y desag\u00fces (planeaci\u00f3n, obras y mantenimiento).<\/li>\n<li>Medio ambiente y protecci\u00f3n de los r\u00edos y quebradas.<\/li>\n<li>Ordenamiento territorial (Planeaci\u00f3n de la urbanizaci\u00f3n, venta de lotes, normas de construcci\u00f3n, curadur\u00eda rural).<\/li>\n<li>Educaci\u00f3n y Cultura.<\/li>\n<li>Deporte y Recreaci\u00f3n<\/li>\n<li>Turismo<\/li>\n<li>Salud<\/li>\n<li>Estratificaci\u00f3n \/ Aval\u00faos catastrales \/ Impuestos prediales.<\/li>\n<li>Servicios P\u00fablicos.<\/li>\n<li>Financiamiento<\/li>\n<li>Comunicaciones<\/li>\n<\/ul>\n<p>Los vecinos que tengan el tiempo, la voluntad y la capacidad de colaborar en esta construcci\u00f3n colectiva se pueden comunicar con: <br \/>Peter Brabers WA # 300 3050795.<\/p>\n\t\t\t\t\t\t\t\t<\/div>\n\t\t\t\t\t<\/div>\n\t\t<\/div>\n\t\t\t\t\t<\/div>\n\t\t<\/section>\n\t\t\t\t<\/div>\n\t\t","protected":false},"excerpt":{"rendered":"<p>De reuni\u00f3n en reuni\u00f3n, de taller en taller, la situaci\u00f3n de La Buitrera sigue degrad\u00e1ndose: seguridad, v\u00edas, r\u00edos y quebradas, medio ambiente, servicios p\u00fablicos, estratificaci\u00f3n, impuestos prediales, invasiones, construcciones informales desaforadas, y seguir\u00e1 as\u00ed mientras no haya gobernanza local con gente que conozca, sienta y le duela el territorio. Por lo tanto, aplaudimos las iniciativas [&hellip;]<\/p>\n","protected":false},"author":1,"featured_media":0,"comment_status":"open","ping_status":"open","sticky":false,"template":"","format":"standard","meta":{"_monsterinsights_skip_tracking":false,"_monsterinsights_sitenote_active":false,"_monsterinsights_sitenote_note":"","_monsterinsights_sitenote_category":0,"_joinchat":[],"footnotes":""},"categories":[24],"tags":[],"class_list":["post-8363","post","type-post","status-publish","format-standard","hentry","category-editorial"],"aioseo_notices":[],"_links":{"self":[{"href":"https:\/\/lacasadelguatin.co\/index.php\/wp-json\/wp\/v2\/posts\/8363","targetHints":{"allow":["GET"]}}],"collection":[{"href":"https:\/\/lacasadelguatin.co\/index.php\/wp-json\/wp\/v2\/posts"}],"about":[{"href":"https:\/\/lacasadelguatin.co\/index.php\/wp-json\/wp\/v2\/types\/post"}],"author":[{"embeddable":true,"href":"https:\/\/lacasadelguatin.co\/index.php\/wp-json\/wp\/v2\/users\/1"}],"replies":[{"embeddable":true,"href":"https:\/\/lacasadelguatin.co\/index.php\/wp-json\/wp\/v2\/comments?post=8363"}],"version-history":[{"count":14,"href":"https:\/\/lacasadelguatin.co\/index.php\/wp-json\/wp\/v2\/posts\/8363\/revisions"}],"predecessor-version":[{"id":9940,"href":"https:\/\/lacasadelguatin.co\/index.php\/wp-json\/wp\/v2\/posts\/8363\/revisions\/9940"}],"wp:attachment":[{"href":"https:\/\/lacasadelguatin.co\/index.php\/wp-json\/wp\/v2\/media?parent=8363"}],"wp:term":[{"taxonomy":"category","embeddable":true,"href":"https:\/\/lacasadelguatin.co\/index.php\/wp-json\/wp\/v2\/categories?post=8363"},{"taxonomy":"post_tag","embeddable":true,"href":"https:\/\/lacasadelguatin.co\/index.php\/wp-json\/wp\/v2\/tags?post=8363"}],"curies":[{"name":"wp","href":"https:\/\/api.w.org\/{rel}","templated":true}]}}