{"id":6897,"date":"2023-01-09T16:29:25","date_gmt":"2023-01-09T16:29:25","guid":{"rendered":"https:\/\/lacasadelguatin.co\/?p=6897"},"modified":"2023-01-09T16:40:48","modified_gmt":"2023-01-09T16:40:48","slug":"rios-lili-y-melendez-hacia-cloacas","status":"publish","type":"post","link":"https:\/\/lacasadelguatin.co\/index.php\/2023\/01\/09\/rios-lili-y-melendez-hacia-cloacas\/","title":{"rendered":"R\u00edos Lili y Mel\u00e9ndez: \u00bfhacia cloacas?"},"content":{"rendered":"\t\t<div data-elementor-type=\"wp-post\" data-elementor-id=\"6897\" class=\"elementor elementor-6897\" data-elementor-post-type=\"post\">\n\t\t\t\t\t\t<section class=\"elementor-section elementor-top-section elementor-element elementor-element-b1a6819 elementor-section-boxed elementor-section-height-default elementor-section-height-default\" data-id=\"b1a6819\" data-element_type=\"section\" data-e-type=\"section\">\n\t\t\t\t\t\t<div class=\"elementor-container elementor-column-gap-default\">\n\t\t\t\t\t<div class=\"elementor-column elementor-col-100 elementor-top-column elementor-element elementor-element-5280e541\" data-id=\"5280e541\" data-element_type=\"column\" data-e-type=\"column\">\n\t\t\t<div class=\"elementor-widget-wrap elementor-element-populated\">\n\t\t\t\t\t\t<div class=\"elementor-element elementor-element-320f9009 elementor-widget elementor-widget-text-editor\" data-id=\"320f9009\" data-element_type=\"widget\" data-e-type=\"widget\" data-widget_type=\"text-editor.default\">\n\t\t\t\t\t\t\t\t\t\n<p>Definitivamente no tenemos suerte con la implementaci\u00f3n de pol\u00edticas de saneamiento en La Buitrera. F\u00e1cil no es, claro, pues el n\u00famero de viviendas crece sin freno. Por incre\u00edble que parezca, hasta mediados de los a\u00f1os 90, a\u00fan nos ba\u00f1\u00e1bamos en el r\u00edo Mel\u00e9ndez y en las quebradas en el territorio del PLAN CABECERA. En el a\u00f1o 2005, festejamos la construcci\u00f3n y puesta en operaci\u00f3n del primer alcantarillado y primeras plantas de tratamiento (PTAR) en el PLAN y en PUEBLO NUEVO (El Crucero).<\/p>\n\n<p>Era sobre todo importante para \u201csanear\u201d algunos lotes densamente poblados como Girasoles y los Cerros por un lado y Crucero por otro lado. La alegr\u00eda cedi\u00f3 sin embargo espacio a la perplejidad: ganamos, pero tambi\u00e9n perdimos. Si bien los costos de operaci\u00f3n y mantenimiento eran muy razonables gracias a un dise\u00f1o por gravedad y una gesti\u00f3n operativa eficiente por parte de Acuabuitrera, estas \u201cPTAR\u201d ten\u00edan un dise\u00f1o burdo y generaban olores. Como m\u00ednimo, los vecinos hubieran debido ser indemnizados o serles otorgada la Cruz de Boyac\u00e1, por haber sacrificado su vida terrenal en pos del sanamiento de barrios aleda\u00f1os.<\/p>\n\n<p>Adem\u00e1s, descubrimos que no eran una soluci\u00f3n a la contaminaci\u00f3n de nuestros r\u00edos y quebradas, todo lo contrario: pues dejaban pasar la mitad de la carga org\u00e1nica, el 99% de los nutrientes, y m\u00e1s grave a\u00fan: el 98% de los pat\u00f3genos. As\u00ed que a nadie se le ocurre hoy en d\u00eda ir a nadar en el Mel\u00e9ndez, en el Lili o en nuestras quebradas del Crucero para abajo. A\u00f1oramos los \u201cbuenos viejos tiempos\u201d de las viviendas dispersas y de los pozos ciegos, un invento campesino que merece ser rescatado, pues en fin de cuentas el suelo es el verdadero sistema de tratamiento del planeta tierra.<\/p>\n\n<p>Por requisito de la CVC, ACUABUITRERA ten\u00eda que entregar en este mes de diciembre su PLAN DE SANEAMIENTO Y MANEJO DE VERTIDOS (PSMV) para el per\u00edodo 2023-2032. Hay que reconocer que ACUABUITRERA no tiene total autonom\u00eda de redacci\u00f3n, pues el Municipio, a trav\u00e9s de la UAESP, est\u00e1 presion\u00e1ndola desde hace a\u00f1os para ejecutar presupuestos en alcantarillados, que son transferencias de la Naci\u00f3n para las zonas rurales de los municipios, y terminan siendo, en la pr\u00e1ctica, fondos manejados por el alcalde de turno.<\/p>\n\n<p>Tanto para la asignaci\u00f3n de estas partidas presupuestales como para su dise\u00f1o y ejecuci\u00f3n, se est\u00e1n enfrentando dos cosmovisiones: la de los funcionarios \u201ctecn\u00f3cratas\u201d de la ciudad y la de los habitantes de la ruralidad. Al final, los de la plata suelen ganar. A pesar de haber creado -con anticipaci\u00f3n y buena visi\u00f3n- un Plan director (Plan Maestro) que recomendaba conectar el alcantarillado de Acuabuitrera al alcantarillado de Cali (o construir PTAR nuevas), ACUABUITRERA termin\u00f3 entregando a la CVC un listado de actividades, un cronograma de ejecuci\u00f3n y unos presupuestos dictados por la UAESP, quien es el ente municipal que maneja el presupuesto de la Naci\u00f3n.<\/p>\n\n<p>El cronograma y presupuesto proponen:<\/p>\n\n<p>A. Para R\u00edo Lili (El Plan): 2.150 M$ de inversi\u00f3n en alcantarillado a corto y mediano plazo y una mejora (optimizaci\u00f3n) de la PTAR del Plan por 1.200 M$. A sabiendas de: &#8211; la mala concepci\u00f3n de la PTAR del Plan &#8211; su carencia de v\u00eda p\u00fablica de acceso vehicular (o peatonal)<\/p>\n\n<ul class=\"wp-block-list\">\n<li>Su dimensionamiento insuficiente y eficiencia baja &#8211; su generaci\u00f3n de olores y las tutelas y acciones populares que gener\u00f3 y sigue generando.<\/li>\n<li>El sinn\u00famero de contratos de \u201coptimizaci\u00f3n\u201d de los cuales ha sido objeto por parte de Secretar\u00eda de Salud y UAESP en los \u00faltimos 15 a\u00f1os (sin resultados) resulta dif\u00edcil creer que, con un nuevo contrato por parte de la UAESP, esta PTAR vaya por fin a operar normalmente y para un caudal mayor, por lo cual una contaminaci\u00f3n adicional del r\u00edo Lili es muy probable B.<\/li>\n<\/ul>\n\n<p>Para R\u00edo Mel\u00e9ndez (Pueblo Nuevo y \u201ccuchilla\u201d o \u201cfilo\u201d): 2.600 M$ de inversi\u00f3n en alcantarillado a mediano plazo, la compra de un lote para una PTAR nueva a mediano plazo (3.000 M$ de una partida que a\u00fan no est\u00e1 asegurada) y la construcci\u00f3n de una PTAR nueva a largo plazo (4.000 M$). Considerando los antecedentes y la forma burda de contrataci\u00f3n de las PTAR por parte del Municipio, todos dudamos que se consiga y se compre un lote para PTAR, se reciba licencia ambiental para su construcci\u00f3n, y funcione a satisfacci\u00f3n.<\/p>\n\n<p>En el caso de que se lograse, pasar\u00edan de todos modos a\u00f1os entre la construcci\u00f3n del alcantarillado nuevo, previsto a mediano plazo, y la puesta en operaci\u00f3n de la PTAR propuesta, a\u00f1os durante los cuales el agua residual llegar\u00eda directamente al r\u00edo Mel\u00e9ndez A saber:<\/p>\n\n<ul>\n<li>Lo seguro: unas mega inversiones en alcantarillado. * Lo posible (seg\u00fan la fe que uno le tenga): contar en un segundo tiempo con sistemas de tratamiento de las aguas residuales (eficientes o no, con olores o no).<\/li>\n<li>Por lo tanto, en todos los casos, las obras propuestas llevar\u00edan a una contaminaci\u00f3n masiva de las cuencas del Mel\u00e9ndez y del Lil\u00ed en una primera fase, esperando la posible concretizaci\u00f3n y \u00e9xito de una segunda fase.<\/li>\n<li>Este cronograma no es aceptable ni por la Comunidad ni por la CVC.<\/li>\n<\/ul>\n<p>CONCLUSIONES:<\/p>\n\n<ul>\n<li>No es un Plan de Saneamiento del territorio, ya que no asegura el tratamiento de las aguas residuales.<\/li>\n<li>No considera el tratamiento individual ni \u201ccondominal\u201d entre las soluciones de saneamiento, focaliz\u00e1ndose \u00fanicamente en la soluci\u00f3n \u201curbana\u201d del alcantarillado.<\/li>\n<li>Se asigna un presupuesto por vivienda atendida anormalmente elevado, lo que puede generar sospecha.<\/li>\n<li>Focaliza la inversi\u00f3n en la ampliaci\u00f3n del alcantarillado, dejando el tratamiento para etapas posteriores, lo que es premonitorio de un desastre ambiental para nuestros r\u00edos.<\/li>\n<\/ul>\n<p><img fetchpriority=\"high\" decoding=\"async\" class=\"size-medium wp-image-6901 alignright\" src=\"http:\/\/lacasadelguatin.co\/wp-content\/uploads\/2023\/01\/cuando-el-ultimo-300x252.webp\" alt=\"\" width=\"300\" height=\"252\" srcset=\"https:\/\/lacasadelguatin.co\/wp-content\/uploads\/2023\/01\/cuando-el-ultimo-300x252.webp 300w, https:\/\/lacasadelguatin.co\/wp-content\/uploads\/2023\/01\/cuando-el-ultimo-768x645.webp 768w, https:\/\/lacasadelguatin.co\/wp-content\/uploads\/2023\/01\/cuando-el-ultimo.webp 817w\" sizes=\"(max-width: 300px) 100vw, 300px\" \/><\/p>\n\n<p>\u00a1Vaya decepci\u00f3n este plan de inversi\u00f3n aceptado por Acuabuitrera! Algunos lo catalogar\u00edan de \u201ctraici\u00f3n\u201d. Esperemos que la CVC, encargada de velar por la conservaci\u00f3n de los recursos naturales, tenga la madurez de replantearlo, incorporando el tratamiento descentralizado dentro de la soluci\u00f3n \u201cmacro\u201d y volteando el cronograma: primero el tratamiento y, una vez operando a satisfacci\u00f3n, la ampliaci\u00f3n del alcantarillado.<\/p>\n\t\t\t\t\t\t\t\t<\/div>\n\t\t\t\t\t<\/div>\n\t\t<\/div>\n\t\t\t\t\t<\/div>\n\t\t<\/section>\n\t\t\t\t<\/div>\n\t\t","protected":false},"excerpt":{"rendered":"<p>Definitivamente no tenemos suerte con la implementaci\u00f3n de pol\u00edticas de saneamiento en La Buitrera. F\u00e1cil no es, claro, pues el n\u00famero de viviendas crece sin freno. Por incre\u00edble que parezca, hasta mediados de los a\u00f1os 90, a\u00fan nos ba\u00f1\u00e1bamos en el r\u00edo Mel\u00e9ndez y en las quebradas en el territorio del PLAN CABECERA. En el [&hellip;]<\/p>\n","protected":false},"author":1,"featured_media":6898,"comment_status":"open","ping_status":"open","sticky":false,"template":"","format":"standard","meta":{"_monsterinsights_skip_tracking":false,"_monsterinsights_sitenote_active":false,"_monsterinsights_sitenote_note":"","_monsterinsights_sitenote_category":0,"_joinchat":[],"footnotes":""},"categories":[82],"tags":[],"class_list":["post-6897","post","type-post","status-publish","format-standard","has-post-thumbnail","hentry","category-saneamiento"],"aioseo_notices":[],"_links":{"self":[{"href":"https:\/\/lacasadelguatin.co\/index.php\/wp-json\/wp\/v2\/posts\/6897","targetHints":{"allow":["GET"]}}],"collection":[{"href":"https:\/\/lacasadelguatin.co\/index.php\/wp-json\/wp\/v2\/posts"}],"about":[{"href":"https:\/\/lacasadelguatin.co\/index.php\/wp-json\/wp\/v2\/types\/post"}],"author":[{"embeddable":true,"href":"https:\/\/lacasadelguatin.co\/index.php\/wp-json\/wp\/v2\/users\/1"}],"replies":[{"embeddable":true,"href":"https:\/\/lacasadelguatin.co\/index.php\/wp-json\/wp\/v2\/comments?post=6897"}],"version-history":[{"count":7,"href":"https:\/\/lacasadelguatin.co\/index.php\/wp-json\/wp\/v2\/posts\/6897\/revisions"}],"predecessor-version":[{"id":6907,"href":"https:\/\/lacasadelguatin.co\/index.php\/wp-json\/wp\/v2\/posts\/6897\/revisions\/6907"}],"wp:featuredmedia":[{"embeddable":true,"href":"https:\/\/lacasadelguatin.co\/index.php\/wp-json\/wp\/v2\/media\/6898"}],"wp:attachment":[{"href":"https:\/\/lacasadelguatin.co\/index.php\/wp-json\/wp\/v2\/media?parent=6897"}],"wp:term":[{"taxonomy":"category","embeddable":true,"href":"https:\/\/lacasadelguatin.co\/index.php\/wp-json\/wp\/v2\/categories?post=6897"},{"taxonomy":"post_tag","embeddable":true,"href":"https:\/\/lacasadelguatin.co\/index.php\/wp-json\/wp\/v2\/tags?post=6897"}],"curies":[{"name":"wp","href":"https:\/\/api.w.org\/{rel}","templated":true}]}}