{"id":6810,"date":"2023-01-05T23:04:45","date_gmt":"2023-01-05T23:04:45","guid":{"rendered":"https:\/\/lacasadelguatin.co\/?p=6810"},"modified":"2023-01-12T21:32:33","modified_gmt":"2023-01-12T21:32:33","slug":"juntas-de-accion-comunal-de-la-buitrera","status":"publish","type":"post","link":"https:\/\/lacasadelguatin.co\/index.php\/2023\/01\/05\/juntas-de-accion-comunal-de-la-buitrera\/","title":{"rendered":"JUNTAS DE ACCI\u00d3N COMUNAL DE LA BUITRERA"},"content":{"rendered":"\t\t<div data-elementor-type=\"wp-post\" data-elementor-id=\"6810\" class=\"elementor elementor-6810\" data-elementor-post-type=\"post\">\n\t\t\t\t\t\t<section class=\"elementor-section elementor-top-section elementor-element elementor-element-a8889e0 elementor-section-full_width elementor-section-height-default elementor-section-height-default\" data-id=\"a8889e0\" data-element_type=\"section\" data-e-type=\"section\">\n\t\t\t\t\t\t<div class=\"elementor-container elementor-column-gap-default\">\n\t\t\t\t\t<div class=\"elementor-column elementor-col-100 elementor-top-column elementor-element elementor-element-a37d91b\" data-id=\"a37d91b\" data-element_type=\"column\" data-e-type=\"column\">\n\t\t\t<div class=\"elementor-widget-wrap elementor-element-populated\">\n\t\t\t\t\t\t<div class=\"elementor-element elementor-element-199eea4 elementor-widget elementor-widget-heading\" data-id=\"199eea4\" data-element_type=\"widget\" data-e-type=\"widget\" data-widget_type=\"heading.default\">\n\t\t\t\t\t<h2 class=\"elementor-heading-title elementor-size-default\">Juntas de acci\u00f3n comunal de La Buitrera<\/h2>\t\t\t\t<\/div>\n\t\t\t\t\t<\/div>\n\t\t<\/div>\n\t\t\t\t\t<\/div>\n\t\t<\/section>\n\t\t\t\t<section class=\"elementor-section elementor-top-section elementor-element elementor-element-7b84e34 elementor-section-full_width elementor-section-height-default elementor-section-height-default\" data-id=\"7b84e34\" data-element_type=\"section\" data-e-type=\"section\">\n\t\t\t\t\t\t<div class=\"elementor-container elementor-column-gap-default\">\n\t\t\t\t\t<div class=\"elementor-column elementor-col-50 elementor-top-column elementor-element elementor-element-681a215f\" data-id=\"681a215f\" data-element_type=\"column\" data-e-type=\"column\">\n\t\t\t<div class=\"elementor-widget-wrap elementor-element-populated\">\n\t\t\t\t\t\t<div class=\"elementor-element elementor-element-3b336ba elementor-widget elementor-widget-heading\" data-id=\"3b336ba\" data-element_type=\"widget\" data-e-type=\"widget\" data-widget_type=\"heading.default\">\n\t\t\t\t\t<h4 class=\"elementor-heading-title elementor-size-default\">Un reto comunitario<\/h4>\t\t\t\t<\/div>\n\t\t\t\t<div class=\"elementor-element elementor-element-6dd2126b elementor-widget elementor-widget-text-editor\" data-id=\"6dd2126b\" data-element_type=\"widget\" data-e-type=\"widget\" data-widget_type=\"text-editor.default\">\n\t\t\t\t\t\t\t\t\t\n<p><strong>La Casa del Guat\u00edn<\/strong> y sus reporteros Cecilia Montealegre, H\u00e9ctor Galindo y Manuel Zuluaga, estuvimos de visita en las Juntas de Acci\u00f3n Comunal \u201cJAC\u201d de nuestra Buitrera rural. Las JAC han sido elegidas a inicios de este a\u00f1o 2022 para un per\u00edodo de 4 a\u00f1os (2022-2026). La tarea del l\u00edder comunitario no es f\u00e1cil; ejercen su trabajo en las JAC de manera voluntaria y ad-honorem, rob\u00e1ndole tiempo a sus familias y a su descanso, todo ello con el \u00e1nimo de proveer bienestar a la comunidad.<\/p>\n\n<p>Nos sorprendi\u00f3 descubrir que solo un 2% de la poblaci\u00f3n particip\u00f3 en las votaciones (1% en el Plan y en Pueblo Nuevo, pero m\u00e1s de 6% en el Rosario y 20% en El Oto\u00f1o). Tambi\u00e9n nos enteramos de que muchos de los elegidos solo participan espor\u00e1dicamente o bien se retiran de la funci\u00f3n para la cual fueron designados.<\/p>\n\n<p><strong>Reuni\u00f3n con JAC EL OTO\u00d1O (Nov 5 de 2022)<\/strong><\/p>\n\n<p>Entrevista con el Sr Herbert Gait\u00e1n, Presidente, en la sede del peri\u00f3dico El Guat\u00edn. \u201cSomos ricos, pero no todo el mundo lo sabe. Tenemos una gran riqueza h\u00eddrica, riqueza en fauna y flora, tenemos las mejores aves silvestres, las mejores mariposas de todos los colores, el aire 100 por ciento puro\u2026\u201d El Oto\u00f1o es una vereda poco poblada al borde del Parque Nacional, donde habitan unas 50 familias.<\/p>\n\n<p>Cuenta con un acueducto propio, AcuaOto\u00f1o, el cual suministra agua al 70% de estas viviendas.<\/p>\n\n<p>Sus principales dificultades: La deforestaci\u00f3n y los desastres ambientales a causa de intereses privados, la falta de programas econ\u00f3micos, la falta de mantenimiento de la v\u00eda y construcci\u00f3n de canaletas de aguas lluvias.<\/p>\n\n<p>\u201cLa carretera es bastante rudimentaria; circulan solamente las gualas y los camperos altos 4&#215;4. Este a\u00f1o, una vertiente del Rio Lili provoc\u00f3 un derrumbe en la carretera y aisl\u00f3 a los habitantes de la vereda. La comunidad hizo un muro de contenci\u00f3n, pero falta el del otro lado. Hemos contactado a Infraestructura municipal, pero hacen o\u00eddos sordos, dicen que no hay presupuesto\u201d.<\/p>\n\n<h6><strong>Realizaciones con la comunidad<\/strong><\/h6>\n\n<p><strong>Primeramente, todo lo realizado es con aportes de la comunidad<\/strong><\/p>\n\n<ul class=\"wp-block-list\">\n<li>Arreglo del sector de la carretera a la altura del Diamante<\/li>\n<li>Reparaci\u00f3n parcial de la carretera en la zona de derrumbe<\/li>\n<li>La instalaci\u00f3n de la energ\u00eda para el Puesto de Salud<\/li>\n<li>La organizaci\u00f3n de la fiesta de los ni\u00f1os, con regalos incluidos.<\/li>\n<\/ul>\n\n<p><strong>Por realizar<\/strong><\/p>\n\n<ul class=\"wp-block-list\">\n<li>Arreglar el puesto de salud (techo y paredes).<\/li>\n<li>Construir la caseta comunal (\u201cya se tiene el lote\u201d).<\/li>\n<li>Construir la iglesia.<\/li>\n<\/ul>\n\n<p>Quieren por otra parte desarrollar emprendimientos relacionados con el ecoturismo, para que los j\u00f3venes no abandonen la tierra. Esta nueva junta ha recibido mucho apoyo de la comunidad, lo que parece ser una excepci\u00f3n a la regla.<\/p>\n\n<p><img fetchpriority=\"high\" decoding=\"async\" class=\"aligncenter wp-image-6825 size-medium\" src=\"http:\/\/lacasadelguatin.co\/wp-content\/uploads\/2023\/01\/los-que-piensen-221x300.webp\" alt=\"\" width=\"221\" height=\"300\" srcset=\"https:\/\/lacasadelguatin.co\/wp-content\/uploads\/2023\/01\/los-que-piensen-221x300.webp 221w, https:\/\/lacasadelguatin.co\/wp-content\/uploads\/2023\/01\/los-que-piensen.webp 683w\" sizes=\"(max-width: 221px) 100vw, 221px\" \/><strong>Reuni\u00f3n con JAC ALTOS DEL ROSARIO (Nov. 7 de 2022)<\/strong><\/p>\n\n<p>En esta ocasi\u00f3n, somos recibidos en la caseta comunal por los se\u00f1ores Reinerio Lozada (presidente), Luis Eduardo Tovar (fiscal), Luis Fernando Sarmiento (tesorero) y la se\u00f1ora Mar\u00eda Jenny Osorio (secretaria).<\/p>\n\n<p>En el momento de las elecciones, hab\u00eda 106 personas inscritas en el libro; de estas, obtuvieron 67 votos afirmativos y uno en blanco. Como sucede en todas las JAC visitadas, fueron elegidos por una plancha \u00fanica. Esta JAC funciona desde 1976. Muchos de los miembros actuales han completado varios per\u00edodos.<\/p>\n\n<p><strong>Realizaciones<\/strong><\/p>\n\n<ul class=\"wp-block-list\">\n<li>La construcci\u00f3n de tres muros de contenci\u00f3n tras conseguir la declaraci\u00f3n de urgencia manifiesta.<\/li>\n<li>El aporte, por parte del municipio, de camineros 3 o 4 veces al a\u00f1o, para rozar las v\u00edas.<\/li>\n<\/ul>\n\n<p><strong>Por realizar<\/strong><\/p>\n\n<ul class=\"wp-block-list\">\n<li>Finalizar la construcci\u00f3n del acueducto comunitario que brindar\u00e1 servicio a unas 250 familias.<\/li>\n<li>Conseguir una partida presupuestaria para la construcci\u00f3n de una cubierta y un muro de contenci\u00f3n para la Instituci\u00f3n Educativa.<\/li>\n<li>La creaci\u00f3n de un vivero comunitario para la reforestaci\u00f3n de la cuenca del rio Lili y afluentes, en terrenos de la Instituci\u00f3n Educativa.<\/li>\n<li>El mantenimiento rutinario de las dos v\u00edas y la colocaci\u00f3n de 5 kil\u00f3metros de placa huella, desde El Crucero hasta La Capilla o R\u00edo Lili.<\/li>\n<li>El mantenimiento de la cancha de futbol.<\/li>\n<\/ul>\n\n<p><strong>Reuni\u00f3n con JAC PUEBLO NUEVO (Nov 3 de 2022)<\/strong><\/p>\n\n<p>En la Casa Comunal de Pueblo Nuevo, somos recibidos por la se\u00f1ora Gloria In\u00e9s Trujillo (presidente reci\u00e9n electa), y los se\u00f1ores Jos\u00e9 Ponce (tesorero) y John Franco (l\u00edder y \u201cadministrador\u201d de la Casa Comunal). Luego de las presentaciones de rigor, nos comentan que el proceso electoral sufri\u00f3 algunos tropiezos: De los 116 inscritos en el libro, asistieron a la primera convocatoria para elecciones solo 5; por consiguiente, debi\u00f3 hacerse una segunda convocatoria a la que no asisti\u00f3 ninguno; despu\u00e9s de una tercera, tambi\u00e9n inv\u00e1lida, finalmente en una cuarta convocatoria se logr\u00f3 completar el m\u00ednimo necesario del 20% de votos (30), de los cuales 26 fueron afirmativos.<\/p>\n\n<p><strong>Sus principales dificultades<\/strong><\/p>\n\n<p>La se\u00f1ora Gloria, quien al momento de este reportaje a\u00fan no estaba posesionada en su cargo, nos comenta: \u201cUna de las primeras tareas que vamos a emprender es la legalizaci\u00f3n de la JAC, pues no contamos con Registro \u00danico Comunal RUC, Registro \u00danico Tributario RUT, no tenemos cuenta bancaria, y, por lo tanto, no podemos participar en convocatorias\u201d.<\/p>\n\n<p><strong>Las necesidades m\u00e1s sentidas<\/strong><\/p>\n\n<p><strong>Seguridad<\/strong><\/p>\n\n<ul class=\"wp-block-list\">\n<li>Se ha solicitado una reuni\u00f3n con ej\u00e9rcito y polic\u00eda, la cual a\u00fan no se ha realizado.<\/li>\n<li>Capacitaci\u00f3n para los miembros de la JAC ya que hay mucho desconocimiento sobre las normas legales, funciones, c\u00f3mo bajar recursos.<\/li>\n<\/ul>\n\n<h6><strong>Participaci\u00f3n de la Comunidad<\/strong><\/h6>\n\n<p>Trabajo conjunto y sincronizado con las dem\u00e1s JACs.<\/p>\n\n<p><strong>Proyectos que se est\u00e1n gestionando<\/strong><\/p>\n\n<ul class=\"wp-block-list\">\n<li>La inscripci\u00f3n de j\u00f3venes en estudios de pregrado.<\/li>\n<li>El mejoramiento de los callejones con placa-huellas y canaletas.<\/li>\n<li>Utilizar la Casa Comunal para dar continuidad a las clases de Aikido (lunes, mi\u00e9rcoles y viernes) e impartir clases de ingl\u00e9s (jueves).<\/li>\n<li>Conseguir un profesor de deportes.<\/li>\n<\/ul>\n\n<p><strong>Reuni\u00f3n con JAC EL PLAN CABECERA (Nov 6 de 2022)<\/strong><\/p>\n\n<p>En esta ocasi\u00f3n invitamos, a trav\u00e9s de un mensaje por WhatsApp, a los 15 integrantes de esta JAC a una reuni\u00f3n en la sede de la Casa del Guat\u00edn, en El Plan. Solo respondieron tres y asistieron dos; las se\u00f1oras Mar\u00eda Elena Ram\u00edrez (tesorera) y Luz Ang\u00e9lica Barrag\u00e1n (delegada).<\/p>\n\n<p>Damos cuenta aqu\u00ed de nuestra sorpresa por la baja respuesta a nuestra invitaci\u00f3n, siendo nuestro \u00fanico objetivo el de proporcionar a las JACs un espacio de comunicaci\u00f3n con la comunidad.<\/p>\n\n<p>Durante la conversaci\u00f3n, manifiestan dificultades para la gesti\u00f3n al interior de la junta:<\/p>\n\n<ul class=\"wp-block-list\">\n<li>Mala comunicaci\u00f3n con directivas<\/li>\n<li>Falta de reuniones<\/li>\n<li>Carencia de informes actualizados (libro de inventarios del 2016, libro de tesorer\u00eda ingresos y egresos del 2017).<\/li>\n<li>Entrega no concertada de fondos para emprendimientos.<\/li>\n<li>Ausencia de cronograma y dificultades en la reparaci\u00f3n de la Casa Taller por lo cual el Plan Cabecera sigue sin Casa Comunal, entre otras.<\/li>\n<\/ul>\n\n<p>Unas semanas despu\u00e9s pudimos reunirnos con el presidente de esta JAC, Sr Henry L\u00f3pez, quien estaba acompa\u00f1ado por la se\u00f1ora Mar\u00eda del Carmen Mosquera (conciliadora). En el aire flotaba una sensaci\u00f3n de prevenci\u00f3n comprensible, consecuencia de la tensi\u00f3n existente entre los miembros de la junta.<\/p>\n\n<p>En la charla con ellos, nos enteramos que, al igual que en las dem\u00e1s JAC, solo hubo \u2013 y con dificultad\u2013 una sola. De las 113 personas inscritas en el libro, votaron 59 personas.<\/p>\n\n<p><strong>Entre los logros de la JAC se mencionan<\/strong><\/p>\n\n<ul class=\"wp-block-list\">\n<li>La gesti\u00f3n a trav\u00e9s de la JAL, de recursos importantes para la Instituci\u00f3n Educativa.<\/li>\n<li>La consecuci\u00f3n de algunos recursos para el arreglo del techo de la Casa Taller.<\/li>\n<li>Se han hecho solicitudes a diferentes instancias de la administraci\u00f3n municipal: infraestructura, movilidad, seguridad, pero las respuestas son demoradas o no llegan.<\/li>\n<li>Se han adelantado conversaciones con el Club del Sena y la Universidad de Pereira para el desarrollo de programas para la recuperaci\u00f3n del territorio, cuencas h\u00eddricas y medio ambiente.<\/li>\n<\/ul>\n\n<p><strong>Por realizar<\/strong><\/p>\n\n<ul class=\"wp-block-list\">\n<li>Reconstrucci\u00f3n de la caseta comunal.<\/li>\n<li>Programas ambientales, capacitaciones.<\/li>\n<li>Mejoramiento y renovaci\u00f3n de v\u00edas rurales.<\/li>\n<li>Programas para el adulto mayor y para los hombres o mujeres cabeza de familia y los j\u00f3venes.<\/li>\n<li>Capacitaciones en liderazgo, emprendimiento, recreaci\u00f3n, educaci\u00f3n sexual, prevenci\u00f3n en el consumo de sustancias psicoactivas.<\/li>\n<li>Renovaci\u00f3n y mejora del puesto de salud y Fomento del reciclaje para la mejora del entorno comunitario.<\/li>\n<\/ul>\n\t\t\t\t\t\t\t\t<\/div>\n\t\t\t\t\t<\/div>\n\t\t<\/div>\n\t\t\t\t<div class=\"elementor-column elementor-col-50 elementor-top-column elementor-element elementor-element-68af581\" data-id=\"68af581\" data-element_type=\"column\" data-e-type=\"column\">\n\t\t\t<div class=\"elementor-widget-wrap elementor-element-populated\">\n\t\t\t\t\t\t<div class=\"elementor-element elementor-element-81e4939 elementor-widget elementor-widget-image\" data-id=\"81e4939\" data-element_type=\"widget\" data-e-type=\"widget\" data-widget_type=\"image.default\">\n\t\t\t\t\t\t\t\t\t\t\t\t\t\t\t<img decoding=\"async\" width=\"578\" height=\"1024\" src=\"https:\/\/lacasadelguatin.co\/wp-content\/uploads\/2023\/01\/localidad-JAC-578x1024.webp\" class=\"attachment-large size-large wp-image-6811\" alt=\"\" srcset=\"https:\/\/lacasadelguatin.co\/wp-content\/uploads\/2023\/01\/localidad-JAC-578x1024.webp 578w, https:\/\/lacasadelguatin.co\/wp-content\/uploads\/2023\/01\/localidad-JAC-169x300.webp 169w, https:\/\/lacasadelguatin.co\/wp-content\/uploads\/2023\/01\/localidad-JAC.webp 722w\" sizes=\"(max-width: 578px) 100vw, 578px\" \/>\t\t\t\t\t\t\t\t\t\t\t\t\t\t\t<\/div>\n\t\t\t\t<div class=\"elementor-element elementor-element-2305e8c elementor-widget elementor-widget-text-editor\" data-id=\"2305e8c\" data-element_type=\"widget\" data-e-type=\"widget\" data-widget_type=\"text-editor.default\">\n\t\t\t\t\t\t\t\t\t<p><\/p>\n<p><strong>CONCLUSIONES<\/strong><\/p>\n<p><\/p>\n<p>Hay que reconocer en estos l\u00edderes de las JAC su capacidad de entrega para el bien com\u00fan, que los dem\u00e1s vecinos debemos agradecer.<\/p>\n<p><\/p>\n<p>Y es que, debido a la poca participaci\u00f3n de los habitantes de las veredas, las JAC tienen muy poca representatividad de sus comunidades; solo lo son de un grupo reducido de vecinos dentro de cada vereda (los que se registran en los \u201clibros\u201d).<\/p>\n<p><\/p>\n<p>Los votantes solo representan entre el 1 y 10% de la poblaci\u00f3n (1% en el Plan y Pueblo Nuevo; mayor votaci\u00f3n en el Rosario y el Oto\u00f1o, que son veredas m\u00e1s rurales y menos pobladas.<\/p>\n<p><\/p>\n<p>\u00bfSer\u00e1 debido a la poblaci\u00f3n (\u00bfapat\u00eda?), a los l\u00edderes, o a una estructura institucional que ya no est\u00e1 adecuada a la realidad de hoy? Desde la Constituyente del 91, el presupuesto participativo es manejado por la \u201cJAL\u201d (que igualmente tiene baja votaci\u00f3n y poca representatividad en el corregimiento) y no por las \u201cJAC\u201d que se quedaron como asociaciones de vecinos para gestionar mejoras para su entorno. Pero la \u201cherramienta JAC\u201d que la institucionalidad colombiana nos est\u00e1 entregando parece anticuada; el soporte municipal es casi nulo y la capacidad propia de estas JACs para conseguir fondos para proyectos locales es muy limitada.<\/p>\n<p><\/p>\n<p>El \u201cproblema\u201d es hondo. Por esto probablemente tanta apat\u00eda de parte de los vecinos, que ni se registran, ni participan, ni votan. Probablemente, es el momento de pensar en la creaci\u00f3n de \u201cnuevos mecanismos de participaci\u00f3n y gobierno comunitarios\u201d que verdaderamente representen los intereses de nuestras comunidades rurales.<\/p>\n<p><img decoding=\"async\" class=\"aligncenter wp-image-6820 size-full\" src=\"http:\/\/lacasadelguatin.co\/wp-content\/uploads\/2023\/01\/por-que-no.webp\" alt=\"\" width=\"710\" height=\"636\" srcset=\"https:\/\/lacasadelguatin.co\/wp-content\/uploads\/2023\/01\/por-que-no.webp 710w, https:\/\/lacasadelguatin.co\/wp-content\/uploads\/2023\/01\/por-que-no-300x269.webp 300w\" sizes=\"(max-width: 710px) 100vw, 710px\" \/><\/p>\n<p><\/p>\t\t\t\t\t\t\t\t<\/div>\n\t\t\t\t\t<\/div>\n\t\t<\/div>\n\t\t\t\t\t<\/div>\n\t\t<\/section>\n\t\t\t\t<\/div>\n\t\t","protected":false},"excerpt":{"rendered":"<p>Juntas de acci\u00f3n comunal de La Buitrera Un reto comunitario La Casa del Guat\u00edn y sus reporteros Cecilia Montealegre, H\u00e9ctor Galindo y Manuel Zuluaga, estuvimos de visita en las Juntas de Acci\u00f3n Comunal \u201cJAC\u201d de nuestra Buitrera rural. Las JAC han sido elegidas a inicios de este a\u00f1o 2022 para un per\u00edodo de 4 a\u00f1os [&hellip;]<\/p>\n","protected":false},"author":1,"featured_media":6811,"comment_status":"open","ping_status":"open","sticky":false,"template":"elementor_header_footer","format":"standard","meta":{"_monsterinsights_skip_tracking":false,"_monsterinsights_sitenote_active":false,"_monsterinsights_sitenote_note":"","_monsterinsights_sitenote_category":0,"_joinchat":[],"footnotes":""},"categories":[52],"tags":[],"class_list":["post-6810","post","type-post","status-publish","format-standard","has-post-thumbnail","hentry","category-localidad"],"aioseo_notices":[],"_links":{"self":[{"href":"https:\/\/lacasadelguatin.co\/index.php\/wp-json\/wp\/v2\/posts\/6810","targetHints":{"allow":["GET"]}}],"collection":[{"href":"https:\/\/lacasadelguatin.co\/index.php\/wp-json\/wp\/v2\/posts"}],"about":[{"href":"https:\/\/lacasadelguatin.co\/index.php\/wp-json\/wp\/v2\/types\/post"}],"author":[{"embeddable":true,"href":"https:\/\/lacasadelguatin.co\/index.php\/wp-json\/wp\/v2\/users\/1"}],"replies":[{"embeddable":true,"href":"https:\/\/lacasadelguatin.co\/index.php\/wp-json\/wp\/v2\/comments?post=6810"}],"version-history":[{"count":22,"href":"https:\/\/lacasadelguatin.co\/index.php\/wp-json\/wp\/v2\/posts\/6810\/revisions"}],"predecessor-version":[{"id":7285,"href":"https:\/\/lacasadelguatin.co\/index.php\/wp-json\/wp\/v2\/posts\/6810\/revisions\/7285"}],"wp:featuredmedia":[{"embeddable":true,"href":"https:\/\/lacasadelguatin.co\/index.php\/wp-json\/wp\/v2\/media\/6811"}],"wp:attachment":[{"href":"https:\/\/lacasadelguatin.co\/index.php\/wp-json\/wp\/v2\/media?parent=6810"}],"wp:term":[{"taxonomy":"category","embeddable":true,"href":"https:\/\/lacasadelguatin.co\/index.php\/wp-json\/wp\/v2\/categories?post=6810"},{"taxonomy":"post_tag","embeddable":true,"href":"https:\/\/lacasadelguatin.co\/index.php\/wp-json\/wp\/v2\/tags?post=6810"}],"curies":[{"name":"wp","href":"https:\/\/api.w.org\/{rel}","templated":true}]}}