{"id":5892,"date":"2022-09-01T18:12:38","date_gmt":"2022-09-01T18:12:38","guid":{"rendered":"https:\/\/lacasadelguatin.co\/?p=5892"},"modified":"2022-09-01T18:56:17","modified_gmt":"2022-09-01T18:56:17","slug":"la-buitrera-el-paisaje-personal","status":"publish","type":"post","link":"https:\/\/lacasadelguatin.co\/index.php\/2022\/09\/01\/la-buitrera-el-paisaje-personal\/","title":{"rendered":"La Buitrera: el paisaje personal"},"content":{"rendered":"\t\t<div data-elementor-type=\"wp-post\" data-elementor-id=\"5892\" class=\"elementor elementor-5892\" data-elementor-post-type=\"post\">\n\t\t\t\t\t\t<section class=\"elementor-section elementor-top-section elementor-element elementor-element-2effb29 elementor-section-boxed elementor-section-height-default elementor-section-height-default\" data-id=\"2effb29\" data-element_type=\"section\" data-e-type=\"section\">\n\t\t\t\t\t\t<div class=\"elementor-container elementor-column-gap-default\">\n\t\t\t\t\t<div class=\"elementor-column elementor-col-50 elementor-top-column elementor-element elementor-element-29e7af0\" data-id=\"29e7af0\" data-element_type=\"column\" data-e-type=\"column\">\n\t\t\t<div class=\"elementor-widget-wrap elementor-element-populated\">\n\t\t\t\t\t\t<div class=\"elementor-element elementor-element-78609bb elementor-widget elementor-widget-text-editor\" data-id=\"78609bb\" data-element_type=\"widget\" data-e-type=\"widget\" data-widget_type=\"text-editor.default\">\n\t\t\t\t\t\t\t\t\t<p>No es tan radical decidir vivir en La Buitrera. Siendo sinceros hablamos de un para\u00edso a siete minutos de la ciudad; bueno, me refiero a mi morada, ubicada en el kil\u00f3metro 3 (El Plan). Tengo una historia en este lugar y se las quiero contar, mientras les explico porque vivir en este sector le cambia la vida a quien se atreva. Debo retomar un episodio que seguro muchos desean olvidar: el aislamiento. Por aquella \u00e9poca gris para muchos tuve la oportunidad de vivir unos meses en La Buitrera, mi actual pareja y yo pasamos este momento juntos, la incertidumbre y el miedo fueron sobrellevados por mis d\u00edas tranquilos en La Buitrera, ma\u00f1anas soleadas o lluviosas, tintos al atardecer y las noches <br \/>esplendidas. Y es que este sector privilegiado de los Farallones posee el poder transformador de la calma; uno lo siente en todo, sus vistas, sus caminos, su gente afable, esto \u00faltimo siendo una caracter\u00edstica a destacar; no en todos los lugares llega uno a sentirse tan bien recibido; es una personalidad particular que pareciera que es aut\u00f3ctona, la personalidad del monte, de la monta\u00f1a, del r\u00edo. <img fetchpriority=\"high\" decoding=\"async\" class=\"aligncenter wp-image-5896 size-full\" src=\"http:\/\/lacasadelguatin.co\/wp-content\/uploads\/2022\/09\/paisaje.png\" alt=\"\" width=\"505\" height=\"436\" srcset=\"https:\/\/lacasadelguatin.co\/wp-content\/uploads\/2022\/09\/paisaje.png 505w, https:\/\/lacasadelguatin.co\/wp-content\/uploads\/2022\/09\/paisaje-300x259.png 300w\" sizes=\"(max-width: 505px) 100vw, 505px\" \/><\/p>\t\t\t\t\t\t\t\t<\/div>\n\t\t\t\t\t<\/div>\n\t\t<\/div>\n\t\t\t\t<div class=\"elementor-column elementor-col-50 elementor-top-column elementor-element elementor-element-969120f\" data-id=\"969120f\" data-element_type=\"column\" data-e-type=\"column\">\n\t\t\t<div class=\"elementor-widget-wrap elementor-element-populated\">\n\t\t\t\t\t\t<div class=\"elementor-element elementor-element-3fbdd6b elementor-widget elementor-widget-text-editor\" data-id=\"3fbdd6b\" data-element_type=\"widget\" data-e-type=\"widget\" data-widget_type=\"text-editor.default\">\n\t\t\t\t\t\t\t\t\t<p>Se podr\u00eda decir que la Buitrera me salv\u00f3, acogi\u00e9ndome como si supiera cuanto lo necesitaba. Siempre he\u00a0 sido un hombre de ciudad, no me mal interpreten, esto no es para <br \/>decir en que le gana uno al otro, las ciudades son lugares incre\u00edbles, retadoras, laber\u00ednticas, pero no es un secreto que quien las habita sufre su desenfreno y caos, llegando a <br \/>convertirse en una relaci\u00f3n t\u00f3xica. Despu\u00e9s del a\u00f1o 2020 vivimos durante un a\u00f1o en San Fernando, barrio central de Cali. Nuestra ubicaci\u00f3n privilegiada en otros sentidos solo era opacada por el desorden intr\u00ednseco de la urbe. Las noches aqu\u00ed perdieron su capacidad reparadora y mi mente comenz\u00f3 a maquinar en lugares que no corresponden. Nuevamente, como si fuera una entidad a quien se le invoca, La Buitrera apareci\u00f3 con una propuesta de retorno: Mi casita en La Buitrera estaba nuevamente desocupada y disponible para habitarla. Mi problema con las \u201clejan\u00edas\u201d es el hecho de tener que movilizarme hacia un punto casi a diario, eso y que detesto los carros y las motos, mi transporte elegido es desde hace tiempo, la bicicleta. Esto lo menciono porque siempre hay algo que te hace dudar, las decisiones no ser\u00edan eso si no llevaran implicaciones, sin embargo, trat\u00e1ndose de La Buitrera, es mucho m\u00e1s lo que se gana que lo que se pierde.<br \/>As\u00ed es como hoy estoy nuevamente aqu\u00ed, desayunando con los guatines que se roban los mangos del patio, d\u00e1ndole a mi mente la paz que necesita para continuar, estoy aqu\u00ed por m\u00ed, por este corregimiento, lugar que ahora llamo hogar.<\/p>\t\t\t\t\t\t\t\t<\/div>\n\t\t\t\t\t<\/div>\n\t\t<\/div>\n\t\t\t\t\t<\/div>\n\t\t<\/section>\n\t\t\t\t<\/div>\n\t\t","protected":false},"excerpt":{"rendered":"<p>No es tan radical decidir vivir en La Buitrera. Siendo sinceros hablamos de un para\u00edso a siete minutos de la ciudad; bueno, me refiero a mi morada, ubicada en el kil\u00f3metro 3 (El Plan). Tengo una historia en este lugar y se las quiero contar, mientras les explico porque vivir en este sector le cambia [&hellip;]<\/p>\n","protected":false},"author":28,"featured_media":5896,"comment_status":"open","ping_status":"open","sticky":false,"template":"","format":"standard","meta":{"_monsterinsights_skip_tracking":false,"_monsterinsights_sitenote_active":false,"_monsterinsights_sitenote_note":"","_monsterinsights_sitenote_category":0,"_joinchat":[],"footnotes":""},"categories":[61],"tags":[],"class_list":["post-5892","post","type-post","status-publish","format-standard","has-post-thumbnail","hentry","category-calidad-de-vida"],"aioseo_notices":[],"_links":{"self":[{"href":"https:\/\/lacasadelguatin.co\/index.php\/wp-json\/wp\/v2\/posts\/5892","targetHints":{"allow":["GET"]}}],"collection":[{"href":"https:\/\/lacasadelguatin.co\/index.php\/wp-json\/wp\/v2\/posts"}],"about":[{"href":"https:\/\/lacasadelguatin.co\/index.php\/wp-json\/wp\/v2\/types\/post"}],"author":[{"embeddable":true,"href":"https:\/\/lacasadelguatin.co\/index.php\/wp-json\/wp\/v2\/users\/28"}],"replies":[{"embeddable":true,"href":"https:\/\/lacasadelguatin.co\/index.php\/wp-json\/wp\/v2\/comments?post=5892"}],"version-history":[{"count":5,"href":"https:\/\/lacasadelguatin.co\/index.php\/wp-json\/wp\/v2\/posts\/5892\/revisions"}],"predecessor-version":[{"id":5901,"href":"https:\/\/lacasadelguatin.co\/index.php\/wp-json\/wp\/v2\/posts\/5892\/revisions\/5901"}],"wp:featuredmedia":[{"embeddable":true,"href":"https:\/\/lacasadelguatin.co\/index.php\/wp-json\/wp\/v2\/media\/5896"}],"wp:attachment":[{"href":"https:\/\/lacasadelguatin.co\/index.php\/wp-json\/wp\/v2\/media?parent=5892"}],"wp:term":[{"taxonomy":"category","embeddable":true,"href":"https:\/\/lacasadelguatin.co\/index.php\/wp-json\/wp\/v2\/categories?post=5892"},{"taxonomy":"post_tag","embeddable":true,"href":"https:\/\/lacasadelguatin.co\/index.php\/wp-json\/wp\/v2\/tags?post=5892"}],"curies":[{"name":"wp","href":"https:\/\/api.w.org\/{rel}","templated":true}]}}