{"id":5824,"date":"2022-08-31T19:29:32","date_gmt":"2022-08-31T19:29:32","guid":{"rendered":"https:\/\/lacasadelguatin.co\/?p=5824"},"modified":"2022-08-31T19:40:39","modified_gmt":"2022-08-31T19:40:39","slug":"jac-jal-y-democracia-fallamos","status":"publish","type":"post","link":"https:\/\/lacasadelguatin.co\/index.php\/2022\/08\/31\/jac-jal-y-democracia-fallamos\/","title":{"rendered":"JAC, JAL y democracia \u00a1FALLAMOS!"},"content":{"rendered":"\t\t<div data-elementor-type=\"wp-post\" data-elementor-id=\"5824\" class=\"elementor elementor-5824\" data-elementor-post-type=\"post\">\n\t\t\t\t\t\t<section class=\"elementor-section elementor-top-section elementor-element elementor-element-caa4f61 elementor-section-boxed elementor-section-height-default elementor-section-height-default\" data-id=\"caa4f61\" data-element_type=\"section\" data-e-type=\"section\">\n\t\t\t\t\t\t<div class=\"elementor-container elementor-column-gap-default\">\n\t\t\t\t\t<div class=\"elementor-column elementor-col-50 elementor-top-column elementor-element elementor-element-a2ea1d4\" data-id=\"a2ea1d4\" data-element_type=\"column\" data-e-type=\"column\">\n\t\t\t<div class=\"elementor-widget-wrap elementor-element-populated\">\n\t\t\t\t\t\t<div class=\"elementor-element elementor-element-238ccf0 elementor-widget elementor-widget-text-editor\" data-id=\"238ccf0\" data-element_type=\"widget\" data-e-type=\"widget\" data-widget_type=\"text-editor.default\">\n\t\t\t\t\t\t\t\t\t<p>Sobre el papel contamos con entes de representaci\u00f3n para que fluya la democracia. Mas la democracia representativa parece haber tocado fondo en nuestro municipio. El modelo de \u201cdemocracia representativa\u201d debe ser revisado. Se esperar\u00eda que el concepto de representaci\u00f3n sea mas efectivo a escala local. En La Buitrera no es el caso, pero al menos podemos actuar para que as\u00ed sea. La teor\u00eda de la representaci\u00f3n local en un municipio: Votamos para JAC, JAL, concejales y alcalde.\u00a0<br \/>Las JAC, Juntas de Acci\u00f3n Comunal, una por vereda, y hasta por callej\u00f3n si as\u00ed lo quisi\u00e9ramos, son el eslab\u00f3n mas cercano al ciudadano. No reciben ni manejan presupuesto. Sus miembros no reciben emolumentos. Su objeto es promover la democracia participativa a escala de vereda y realizar el control ciudadano a la gesti\u00f3n p\u00fablica. Usualmente a menor tama\u00f1o de poblaci\u00f3n, mayor transparencia y dinamismo. La tramitolog\u00eda de votaci\u00f3n para elegir una JAC es pesada. Pueden votar los vecinos registrados en el libro de la JAC, que tiene la mala costumbre de perderse cada cuatro a\u00f1os. Hay que volver a llenarlo. Es un despelote, y en r\u00edo revuelto, ganancia de pescadores. Hay mucho desconocimiento por parte de la comunidad y por lo tanto suspicacia. Para el pr\u00f3ximo GUATIN, entrevistaremos a los miembros de nuestras JAC.<br \/>Las JAL, Juntas Administradoras Locales, una por corregimiento (o comuna), son los representantes oficiales del \u201ccorregimiento\u201d ante la Administraci\u00f3n municipal. Esos <br \/>\u201cediles\u201d suelen presentarse en p\u00fablico con el chaleco de la Administraci\u00f3n municipal, aunque no reciben sueldo. Desde enero de este a\u00f1o, reciben unos ingresos por \u201csesi\u00f3n\u201d; esto tiene sentido, aunque el momento hist\u00f3rico para este cambio de pol\u00edtica genera suspicacia: es el a\u00f1o en el cual se deber\u00edan definir las localidades de \u201cCali-Distrito\u201d y observamos que los presidentes de JAL suelen tener posiciones diferentes de sus comunidades. Para poder presentarse a elecci\u00f3n, los candidatos requieren del aval de un partido pol\u00edtico, lo que los involucra en las maquinarias pol\u00edticas. Muchos de los ediles, o todos, tienen familiares contratados en la Administraci\u00f3n municipal, para compensar la ausencia de sueldo.<\/p><p>La situaci\u00f3n en La Buitrera:<br \/>La JAL de La Buitrera no representa sus cinco veredas hist\u00f3ricas sino una Buitrera \u201cextendida\u201d en forma unilateral por el municipio en el a\u00f1o 2000. Somos de los pocos <br \/>territorios de la geograf\u00eda nacional sin representaci\u00f3n leg\u00edtima aceptada por la comunidad. La JAL \u201cde la Buitrera\u201d convoc\u00f3 a la comunidad este mi\u00e9rcoles 17 de agosto, en el Polideportivo del Plan, para una \u201caudiencia p\u00fablica\u201d para socializar el \u201cPOA 2023\u201d, a saber, la distribuci\u00f3n de las inversiones para este pr\u00f3ximo a\u00f1o. Pocos se enteraron, <br \/>pues la convocatoria solo se hizo por unas pocas cadenas WA. De hecho, de las 39 personas presentes, solo hubo 10 \u201cdel com\u00fan\u201d, para una poblaci\u00f3n de 55.000 habitantes, las dem\u00e1s siendo de las JAL, JAC, Consejo Consultivo, Administraci\u00f3n municipal y polic\u00eda.<\/p>\t\t\t\t\t\t\t\t<\/div>\n\t\t\t\t\t<\/div>\n\t\t<\/div>\n\t\t\t\t<div class=\"elementor-column elementor-col-50 elementor-top-column elementor-element elementor-element-8760bae\" data-id=\"8760bae\" data-element_type=\"column\" data-e-type=\"column\">\n\t\t\t<div class=\"elementor-widget-wrap elementor-element-populated\">\n\t\t\t\t\t\t<div class=\"elementor-element elementor-element-2236f57 elementor-widget elementor-widget-text-editor\" data-id=\"2236f57\" data-element_type=\"widget\" data-e-type=\"widget\" data-widget_type=\"text-editor.default\">\n\t\t\t\t\t\t\t\t\t<p>\u00bfFalla de la convocatoria? \u00bfAusencia total de representatividad de este ente \u00bfU objetivo premeditado para evitar cuestionamientos? <br \/>El presupuesto de obras 2023 para La Buitrera \u201cextendida\u201d es del orden de 950 millones de pesos, a saber 17.000 pesos por habitante. Es el 1% del presupuesto municipal de <br \/>1.700.000 pesos por habitante. Lo que el municipio reinvierte en La Buitrera en forma de obras a trav\u00e9s de la JAL es del orden del 5% de lo que La Buitrera tributa al municipio. <br \/>Parece mucha burocracia y muchas entidades para poca plata. \u00bfD\u00f3nde va el resto de la plata que tributamos, a saber: el 95%?\u00a0<br \/>Nos enteramos de que tres de los ocho miembros de la JAL ya hab\u00edan renunciado. \u00bfPor qu\u00e9 la ciudadan\u00eda no est\u00e1 oficialmente informada? \u00bfLo sabe la Registradur\u00eda? \u00bfPor qu\u00e9 los ediles que han renunciado no son sistem\u00e1ticamente sustituidos por sus suplentes? \u00bfCu\u00e1les son los estatutos y \u201creglas de juego\u201d de las JAL? \u00bfPor qu\u00e9 las JAC no le hacen seguimiento? No es f\u00e1cil entenderlo. LA CASA DEL GUATIN seguir\u00e1 investigando el tema, solicitar\u00e1 entrevista a los ediles y al municipio (\u201cCali rural\u201d) y solicitar\u00e1 respuestas y aclaraciones. <img fetchpriority=\"high\" decoding=\"async\" class=\"size-medium wp-image-4327 alignright\" src=\"http:\/\/lacasadelguatin.co\/wp-content\/uploads\/2022\/05\/REUNION-GUATINES-FUNCIONARIOS-2-300x225.jpg\" alt=\"\" width=\"300\" height=\"225\" srcset=\"https:\/\/lacasadelguatin.co\/wp-content\/uploads\/2022\/05\/REUNION-GUATINES-FUNCIONARIOS-2-300x225.jpg 300w, https:\/\/lacasadelguatin.co\/wp-content\/uploads\/2022\/05\/REUNION-GUATINES-FUNCIONARIOS-2.jpg 397w\" sizes=\"(max-width: 300px) 100vw, 300px\" \/><br \/>De nuestra Buitrera (hist\u00f3rica), de aproximadamente 12.000 habitantes, el \u00fanico edil es don Fernando Bojorge quien, al igual que el edil Jhon Jaramillo de La Sirena, no es convocado a las sesiones (?) ni informado de las actividades e iniciativas. As\u00ed que todas las decisiones se toman \u00fanicamente por parte de los tres directivos (Presidente, VP y Secretaria). <br \/>En teor\u00eda, con la renuncia del edil Jhon Edison Ceballos en enero 2022, de la cual nadie se hab\u00eda enterado, deb\u00eda entrar su suplente, la vecina nuestra Rosa Elena Moreno de Los Girasoles, quien tampoco estaba al tanto. Sin embargo, por mucho que Rosa Moreno logre posesionarse (est\u00e1 enfrentando barreras administrativas que dilatan su posesi\u00f3n) y aportar sangre nueva a esta instituci\u00f3n, nos tocar\u00e1 a nosotros los ciudadanos encontrar soluciones radicales para reinventar nuestra democracia local. <br \/>Podr\u00eda ser un buen tema para la pr\u00f3xima tertulia de los \u201ccerveceros del Guat\u00edn\u201d.<br \/>PD: Solicitamos por este medio a los directivos de la JAL y del \u201cCali rural\u201d entrevista para un art\u00edculo en el pr\u00f3ximo n\u00famero del Guatin.<\/p>\t\t\t\t\t\t\t\t<\/div>\n\t\t\t\t\t<\/div>\n\t\t<\/div>\n\t\t\t\t\t<\/div>\n\t\t<\/section>\n\t\t\t\t<\/div>\n\t\t","protected":false},"excerpt":{"rendered":"<p>Sobre el papel contamos con entes de representaci\u00f3n para que fluya la democracia. Mas la democracia representativa parece haber tocado fondo en nuestro municipio. El modelo de \u201cdemocracia representativa\u201d debe ser revisado. Se esperar\u00eda que el concepto de representaci\u00f3n sea mas efectivo a escala local. En La Buitrera no es el caso, pero al menos [&hellip;]<\/p>\n","protected":false},"author":1,"featured_media":5825,"comment_status":"open","ping_status":"open","sticky":false,"template":"","format":"standard","meta":{"_monsterinsights_skip_tracking":false,"_monsterinsights_sitenote_active":false,"_monsterinsights_sitenote_note":"","_monsterinsights_sitenote_category":0,"_joinchat":[],"footnotes":""},"categories":[52],"tags":[],"class_list":["post-5824","post","type-post","status-publish","format-standard","has-post-thumbnail","hentry","category-localidad"],"aioseo_notices":[],"_links":{"self":[{"href":"https:\/\/lacasadelguatin.co\/index.php\/wp-json\/wp\/v2\/posts\/5824","targetHints":{"allow":["GET"]}}],"collection":[{"href":"https:\/\/lacasadelguatin.co\/index.php\/wp-json\/wp\/v2\/posts"}],"about":[{"href":"https:\/\/lacasadelguatin.co\/index.php\/wp-json\/wp\/v2\/types\/post"}],"author":[{"embeddable":true,"href":"https:\/\/lacasadelguatin.co\/index.php\/wp-json\/wp\/v2\/users\/1"}],"replies":[{"embeddable":true,"href":"https:\/\/lacasadelguatin.co\/index.php\/wp-json\/wp\/v2\/comments?post=5824"}],"version-history":[{"count":7,"href":"https:\/\/lacasadelguatin.co\/index.php\/wp-json\/wp\/v2\/posts\/5824\/revisions"}],"predecessor-version":[{"id":5832,"href":"https:\/\/lacasadelguatin.co\/index.php\/wp-json\/wp\/v2\/posts\/5824\/revisions\/5832"}],"wp:featuredmedia":[{"embeddable":true,"href":"https:\/\/lacasadelguatin.co\/index.php\/wp-json\/wp\/v2\/media\/5825"}],"wp:attachment":[{"href":"https:\/\/lacasadelguatin.co\/index.php\/wp-json\/wp\/v2\/media?parent=5824"}],"wp:term":[{"taxonomy":"category","embeddable":true,"href":"https:\/\/lacasadelguatin.co\/index.php\/wp-json\/wp\/v2\/categories?post=5824"},{"taxonomy":"post_tag","embeddable":true,"href":"https:\/\/lacasadelguatin.co\/index.php\/wp-json\/wp\/v2\/tags?post=5824"}],"curies":[{"name":"wp","href":"https:\/\/api.w.org\/{rel}","templated":true}]}}