{"id":5327,"date":"2022-08-03T23:10:35","date_gmt":"2022-08-03T23:10:35","guid":{"rendered":"https:\/\/lacasadelguatin.co\/?p=5327"},"modified":"2022-08-03T23:11:20","modified_gmt":"2022-08-03T23:11:20","slug":"firmaton-en-la-buitrera","status":"publish","type":"post","link":"https:\/\/lacasadelguatin.co\/index.php\/2022\/08\/03\/firmaton-en-la-buitrera\/","title":{"rendered":"Firmat\u00f3n en La Buitrera"},"content":{"rendered":"\t\t<div data-elementor-type=\"wp-post\" data-elementor-id=\"5327\" class=\"elementor elementor-5327\" data-elementor-post-type=\"post\">\n\t\t\t\t\t\t<section class=\"elementor-section elementor-top-section elementor-element elementor-element-bdd4668 elementor-section-boxed elementor-section-height-default elementor-section-height-default\" data-id=\"bdd4668\" data-element_type=\"section\" data-e-type=\"section\">\n\t\t\t\t\t\t<div class=\"elementor-container elementor-column-gap-default\">\n\t\t\t\t\t<div class=\"elementor-column elementor-col-100 elementor-top-column elementor-element elementor-element-1c1aa00\" data-id=\"1c1aa00\" data-element_type=\"column\" data-e-type=\"column\">\n\t\t\t<div class=\"elementor-widget-wrap elementor-element-populated\">\n\t\t\t\t\t\t<div class=\"elementor-element elementor-element-48b155d elementor-align-right elementor-fixed elementor-widget elementor-widget-button\" data-id=\"48b155d\" data-element_type=\"widget\" data-e-type=\"widget\" data-settings=\"{&quot;_position&quot;:&quot;fixed&quot;}\" data-widget_type=\"button.default\">\n\t\t\t\t\t\t\t\t\t\t<a class=\"elementor-button elementor-button-link elementor-size-sm\" href=\"http:\/\/lacasadelguatin.co\/wp-content\/uploads\/2022\/07\/P22-85-Distrito-Derecho-de-peticion-de-La-Buitrera-al-Concejo-municipal-julio-22.pdf\">\n\t\t\t\t\t\t<span class=\"elementor-button-content-wrapper\">\n\t\t\t\t\t\t\t\t\t<span class=\"elementor-button-text\">Descargar DERECHO DE PETICI\u00d3N<\/span>\n\t\t\t\t\t<\/span>\n\t\t\t\t\t<\/a>\n\t\t\t\t\t\t\t\t<\/div>\n\t\t\t\t<div class=\"elementor-element elementor-element-e5babd6 elementor-align-right elementor-fixed elementor-widget elementor-widget-button\" data-id=\"e5babd6\" data-element_type=\"widget\" data-e-type=\"widget\" data-settings=\"{&quot;_position&quot;:&quot;fixed&quot;}\" data-widget_type=\"button.default\">\n\t\t\t\t\t\t\t\t\t\t<a class=\"elementor-button elementor-button-link elementor-size-sm\" href=\"http:\/\/lacasadelguatin.co\/wp-content\/uploads\/2022\/07\/P22-87-Concejo-de-Cali-carta-de-la-Comunidad-de-La-Buitrera-Julio-22.pdf\">\n\t\t\t\t\t\t<span class=\"elementor-button-content-wrapper\">\n\t\t\t\t\t\t\t\t\t<span class=\"elementor-button-text\">Descargar SOLICITUD AL CONSEJO DE CALI<\/span>\n\t\t\t\t\t<\/span>\n\t\t\t\t\t<\/a>\n\t\t\t\t\t\t\t\t<\/div>\n\t\t\t\t<div class=\"elementor-element elementor-element-50274bf elementor-widget elementor-widget-heading\" data-id=\"50274bf\" data-element_type=\"widget\" data-e-type=\"widget\" data-widget_type=\"heading.default\">\n\t\t\t\t\t<h2 class=\"elementor-heading-title elementor-size-default\">\u00a1ATENCI\u00d3N!<\/h2>\t\t\t\t<\/div>\n\t\t\t\t<div class=\"elementor-element elementor-element-ff99c29 elementor-widget elementor-widget-heading\" data-id=\"ff99c29\" data-element_type=\"widget\" data-e-type=\"widget\" data-widget_type=\"heading.default\">\n\t\t\t\t\t<h2 class=\"elementor-heading-title elementor-size-default\">Aviso a La Buitrera<\/h2>\t\t\t\t<\/div>\n\t\t\t\t<div class=\"elementor-element elementor-element-8adede4 elementor-widget elementor-widget-text-editor\" data-id=\"8adede4\" data-element_type=\"widget\" data-e-type=\"widget\" data-widget_type=\"text-editor.default\">\n\t\t\t\t\t\t\t\t\t<p>Este martes por la ma\u00f1ana (9 a 12 am), el Concejo Municipal de Cali sesionar\u00e1 en el polideportivo del Plan.<img decoding=\"async\" class=\" wp-image-5291 alignright\" src=\"http:\/\/lacasadelguatin.co\/wp-content\/uploads\/2022\/07\/GUATIN-PERIODISTA-TIF-1-184x300.jpg\" alt=\"\" width=\"84\" height=\"137\" srcset=\"https:\/\/lacasadelguatin.co\/wp-content\/uploads\/2022\/07\/GUATIN-PERIODISTA-TIF-1-184x300.jpg 184w, https:\/\/lacasadelguatin.co\/wp-content\/uploads\/2022\/07\/GUATIN-PERIODISTA-TIF-1.jpg 261w\" sizes=\"(max-width: 84px) 100vw, 84px\" \/>Temas espec\u00edficos:<br \/><strong>&#8211; Infraestructura<\/strong><br \/><strong>&#8211; Saneamiento<\/strong><\/p><p>Se aprovechar\u00e1 para plantear al Honorable Concejo Municipal la posici\u00f3n de <strong>La Buitrera<\/strong> en cuanto a Cali-Distrito, tema trabajado por un equipo de 16 lideres sociales de <strong>La Buitrera<\/strong> durante cinco meses, debatido en nuestra Asamblea Comunitaria del 21 de mayo en la Parroquia, y estructurado en un documento de 15 p\u00e1ginas entregado hoy al Concejo Municipal en anexo de un Derecho de Petici\u00f3n.<\/p><p><strong>La Buitrera<\/strong> rural e hist\u00f3rica (cinco veredas) no quiere ser diluida en una localidad rural \u00fanica que se extiende desde La Elvira hasta el Hormiguero y cubre el 80% del territorio del municipio, sino que se la reconozca como localidad \u201cper se\u201d, de unas 2.300 hect\u00e1reas y 12.000 habitantes, con JAL propia (como era el caso en el siglo pasado), con alcalde local y con un cierto nivel de autonom\u00eda en las decisiones (descentralizaci\u00f3n) que permita un manejo eficiente del territorio y una verdadera democracia local con participaci\u00f3n popular.<\/p><p>Adjuntamos una carta de habitantes de La Buitrera hacia el Concejo Municipal y hojas para firmar.<\/p><p><strong>SE LLAMA A UN \u201cFIRMATON\u201d ESTE MARTES A LAS 9 AM FRENTE AL POLIDEPORTIVO.<\/strong><br \/>Las personas que no pueda asistir a este FIRMAT\u00d3N pueden tambi\u00e9n firmar esta solicitud en:<br \/><strong>&#8211; Acuabuitrera<\/strong><br \/><strong>&#8211; Las tiendas de Walter (Plan) y de Nancy (km 6)<\/strong><br \/><strong>&#8211; El mercado SaludArte del Plan, este mi\u00e9rcoles o s\u00e1bado am<\/strong><\/p>\t\t\t\t\t\t\t\t<\/div>\n\t\t\t\t<div class=\"elementor-element elementor-element-4acf847 elementor-align-center elementor-widget elementor-widget-button\" data-id=\"4acf847\" data-element_type=\"widget\" data-e-type=\"widget\" data-widget_type=\"button.default\">\n\t\t\t\t\t\t\t\t\t\t<a class=\"elementor-button elementor-button-link elementor-size-xl\" href=\"http:\/\/lacasadelguatin.co\/wp-content\/uploads\/2022\/07\/P22-51-DISTRITO-Buitrera-localidad-Julio-18.pdf\">\n\t\t\t\t\t\t<span class=\"elementor-button-content-wrapper\">\n\t\t\t\t\t\t\t\t\t<span class=\"elementor-button-text\">CALI - DISTRITO CONCLUSIONES Y PROPUESTA DE LA BUITRERA (5 VEREDAS HISTORICAS)<\/span>\n\t\t\t\t\t<\/span>\n\t\t\t\t\t<\/a>\n\t\t\t\t\t\t\t\t<\/div>\n\t\t\t\t<div class=\"elementor-element elementor-element-1d9b23b elementor-align-center elementor-widget elementor-widget-button\" data-id=\"1d9b23b\" data-element_type=\"widget\" data-e-type=\"widget\" data-widget_type=\"button.default\">\n\t\t\t\t\t\t\t\t\t\t<a class=\"elementor-button elementor-button-link elementor-size-xl\" href=\"http:\/\/lacasadelguatin.co\/wp-content\/uploads\/2022\/07\/P22-51-DISTRITO-Buitrera-localidad-Julio-18.pdf\">\n\t\t\t\t\t\t<span class=\"elementor-button-content-wrapper\">\n\t\t\t\t\t\t<span class=\"elementor-button-icon\">\n\t\t\t\t<i aria-hidden=\"true\" class=\"fas fa-download\"><\/i>\t\t\t<\/span>\n\t\t\t\t\t\t\t\t\t<span class=\"elementor-button-text\">Descargar<\/span>\n\t\t\t\t\t<\/span>\n\t\t\t\t\t<\/a>\n\t\t\t\t\t\t\t\t<\/div>\n\t\t\t\t\t<\/div>\n\t\t<\/div>\n\t\t\t\t\t<\/div>\n\t\t<\/section>\n\t\t\t\t<\/div>\n\t\t","protected":false},"excerpt":{"rendered":"<p>Descargar DERECHO DE PETICI\u00d3N Descargar SOLICITUD AL CONSEJO DE CALI \u00a1ATENCI\u00d3N! Aviso a La Buitrera Este martes por la ma\u00f1ana (9 a 12 am), el Concejo Municipal de Cali sesionar\u00e1 en el polideportivo del Plan.Temas espec\u00edficos:&#8211; Infraestructura&#8211; Saneamiento Se aprovechar\u00e1 para plantear al Honorable Concejo Municipal la posici\u00f3n de La Buitrera en cuanto a Cali-Distrito, [&hellip;]<\/p>\n","protected":false},"author":1,"featured_media":0,"comment_status":"open","ping_status":"open","sticky":false,"template":"","format":"standard","meta":{"_monsterinsights_skip_tracking":false,"_monsterinsights_sitenote_active":false,"_monsterinsights_sitenote_note":"","_monsterinsights_sitenote_category":0,"_joinchat":[],"footnotes":""},"categories":[58],"tags":[],"class_list":["post-5327","post","type-post","status-publish","format-standard","hentry","category-la-buitrera-vs-cali-distrito"],"aioseo_notices":[],"_links":{"self":[{"href":"https:\/\/lacasadelguatin.co\/index.php\/wp-json\/wp\/v2\/posts\/5327","targetHints":{"allow":["GET"]}}],"collection":[{"href":"https:\/\/lacasadelguatin.co\/index.php\/wp-json\/wp\/v2\/posts"}],"about":[{"href":"https:\/\/lacasadelguatin.co\/index.php\/wp-json\/wp\/v2\/types\/post"}],"author":[{"embeddable":true,"href":"https:\/\/lacasadelguatin.co\/index.php\/wp-json\/wp\/v2\/users\/1"}],"replies":[{"embeddable":true,"href":"https:\/\/lacasadelguatin.co\/index.php\/wp-json\/wp\/v2\/comments?post=5327"}],"version-history":[{"count":4,"href":"https:\/\/lacasadelguatin.co\/index.php\/wp-json\/wp\/v2\/posts\/5327\/revisions"}],"predecessor-version":[{"id":5331,"href":"https:\/\/lacasadelguatin.co\/index.php\/wp-json\/wp\/v2\/posts\/5327\/revisions\/5331"}],"wp:attachment":[{"href":"https:\/\/lacasadelguatin.co\/index.php\/wp-json\/wp\/v2\/media?parent=5327"}],"wp:term":[{"taxonomy":"category","embeddable":true,"href":"https:\/\/lacasadelguatin.co\/index.php\/wp-json\/wp\/v2\/categories?post=5327"},{"taxonomy":"post_tag","embeddable":true,"href":"https:\/\/lacasadelguatin.co\/index.php\/wp-json\/wp\/v2\/tags?post=5327"}],"curies":[{"name":"wp","href":"https:\/\/api.w.org\/{rel}","templated":true}]}}