{"id":3706,"date":"2022-03-01T23:16:02","date_gmt":"2022-03-01T23:16:02","guid":{"rendered":"https:\/\/lacasadelguatin.co\/?p=3706"},"modified":"2022-03-01T23:26:44","modified_gmt":"2022-03-01T23:26:44","slug":"la-capilla-del-plan","status":"publish","type":"post","link":"https:\/\/lacasadelguatin.co\/index.php\/2022\/03\/01\/la-capilla-del-plan\/","title":{"rendered":"La capilla del Plan"},"content":{"rendered":"\t\t<div data-elementor-type=\"wp-post\" data-elementor-id=\"3706\" class=\"elementor elementor-3706\" data-elementor-post-type=\"post\">\n\t\t\t\t\t\t<section class=\"elementor-section elementor-top-section elementor-element elementor-element-43f3f88 elementor-section-boxed elementor-section-height-default elementor-section-height-default\" data-id=\"43f3f88\" data-element_type=\"section\" data-e-type=\"section\">\n\t\t\t\t\t\t<div class=\"elementor-container elementor-column-gap-default\">\n\t\t\t\t\t<div class=\"elementor-column elementor-col-100 elementor-top-column elementor-element elementor-element-58a1404\" data-id=\"58a1404\" data-element_type=\"column\" data-e-type=\"column\">\n\t\t\t<div class=\"elementor-widget-wrap elementor-element-populated\">\n\t\t\t\t\t\t<div class=\"elementor-element elementor-element-2c0e233 elementor-widget elementor-widget-heading\" data-id=\"2c0e233\" data-element_type=\"widget\" data-e-type=\"widget\" data-widget_type=\"heading.default\">\n\t\t\t\t\t<h2 class=\"elementor-heading-title elementor-size-default\">Motivo de orgullo buitrere\u00f1o<\/h2>\t\t\t\t<\/div>\n\t\t\t\t<div class=\"elementor-element elementor-element-8dd3992 elementor-widget elementor-widget-text-editor\" data-id=\"8dd3992\" data-element_type=\"widget\" data-e-type=\"widget\" data-widget_type=\"text-editor.default\">\n\t\t\t\t\t\t\t\t\t<p><img decoding=\"async\" class=\"wp-image-3721 alignleft\" src=\"http:\/\/lacasadelguatin.co\/wp-content\/uploads\/2022\/03\/capilla-b-300x225.jpg\" alt=\"\" width=\"176\" height=\"132\" srcset=\"https:\/\/lacasadelguatin.co\/wp-content\/uploads\/2022\/03\/capilla-b-300x225.jpg 300w, https:\/\/lacasadelguatin.co\/wp-content\/uploads\/2022\/03\/capilla-b.jpg 340w\" sizes=\"(max-width: 176px) 100vw, 176px\" \/>Manejar una parroquia en un corregimiento no es f\u00e1cil. Es tarea pastoral y comunitaria, adem\u00e1s de la necesidad de mejorar y mantener la infraestructura.<img decoding=\"async\" class=\" wp-image-3712 alignright\" src=\"http:\/\/lacasadelguatin.co\/wp-content\/uploads\/2022\/03\/capilla-e-211x300.jpg\" alt=\"\" width=\"149\" height=\"212\" srcset=\"https:\/\/lacasadelguatin.co\/wp-content\/uploads\/2022\/03\/capilla-e-211x300.jpg 211w, https:\/\/lacasadelguatin.co\/wp-content\/uploads\/2022\/03\/capilla-e.jpg 283w\" sizes=\"(max-width: 149px) 100vw, 149px\" \/><br \/>La parroquia de La Buitrera depend\u00eda de Cali (Holguines) hasta el a\u00f1o 2008, cuando adquiri\u00f3 autonom\u00eda bajo el liderazgo del Padre Felipe Alvarado. La Parroquia cubre todo el territorio de La Buitrera, desde el Plan hasta el Oto\u00f1o y hasta la Fonda (Buenos Aires). Con mucha l\u00f3gica, la Arquidi\u00f3cesis implement\u00f3 otras parroquias para la Sirena y dem\u00e1s veredas ubicadas \u201cdel otro lado del r\u00edo Mel\u00e9ndez\u201d, a saber no cay\u00f3 en la trampa de la Administraci\u00f3n municipal de Cali que ampli\u00f3 artificialmente el territorio del Corregimiento de La Buitrera hasta Bella Suiza en la Carrera 56 de la ciudad.<br \/>La capilla inicial era Maria Auxiliadora, ubicada al lado de la cancha de f\u00fatbol, entre la Escuela y la Polic\u00eda. La Arquidi\u00f3cesis adquiri\u00f3 otro lote en el Plan, cerca de COLACTEOS, y a partir del a\u00f1o 2013 la parroquia est\u00e1 montando en este lote nuevo una infraestructura completa, primero bajo el liderazgo del Padre Miguel Suarez Maldonado y ahora del Padre Luis Fernando L\u00f3pez Zuluaga. \u00a0<br \/><img fetchpriority=\"high\" decoding=\"async\" class=\"size-medium wp-image-3716 alignleft\" src=\"http:\/\/lacasadelguatin.co\/wp-content\/uploads\/2022\/03\/capilla-d-225x300.jpg\" alt=\"\" width=\"225\" height=\"300\" srcset=\"https:\/\/lacasadelguatin.co\/wp-content\/uploads\/2022\/03\/capilla-d-225x300.jpg 225w, https:\/\/lacasadelguatin.co\/wp-content\/uploads\/2022\/03\/capilla-d.jpg 255w\" sizes=\"(max-width: 225px) 100vw, 225px\" \/>La parroquia cuenta ahora en el Plan con:<br \/>&#8211; Una capilla de gran belleza, al borde de la v\u00eda, que nos llega de orgullo a todos los Buitrere\u00f1os<br \/>&#8211; Un templo amplio para misas y eventos<br \/>&#8211; Un sal\u00f3n para reuniones comunitarias que puede recibir hasta 160 personas<br \/>&#8211; Una cancha de deporte<br \/>&#8211; Una casa cural<br \/>Las normas del Gobierno durante la pandemia (2020-2021) han mermado la posibilidad de reuniones y por lo tanto la actividad pastoral, que est\u00e1 reiniciando como antes en este a\u00f1o 2022, con enfoque en la \u201csinodalidad\u201d, el hecho de caminar juntos: \u201cEl vivir puede ser simplemente un coexistir, o tirando a m\u00e1s, una convivencia y, m\u00e1s plenamente a\u00fan, una comuni\u00f3n que engendra comunidad y sinodalidad\u201d.<img loading=\"lazy\" decoding=\"async\" class=\" wp-image-3717 alignright\" src=\"http:\/\/lacasadelguatin.co\/wp-content\/uploads\/2022\/03\/CAPILLA-Y-FALTAS-color-239x300.jpg\" alt=\"\" width=\"338\" height=\"424\" srcset=\"https:\/\/lacasadelguatin.co\/wp-content\/uploads\/2022\/03\/CAPILLA-Y-FALTAS-color-239x300.jpg 239w, https:\/\/lacasadelguatin.co\/wp-content\/uploads\/2022\/03\/CAPILLA-Y-FALTAS-color.jpg 338w\" sizes=\"(max-width: 338px) 100vw, 338px\" \/><br \/>La parroquia invita a los vecinos a acompa\u00f1arlos en su misi\u00f3n e informa a la Comunidad sobre la posibilidad de alquilar el sal\u00f3n grande para reuniones comunitarias.<\/p>\t\t\t\t\t\t\t\t<\/div>\n\t\t\t\t\t<\/div>\n\t\t<\/div>\n\t\t\t\t\t<\/div>\n\t\t<\/section>\n\t\t\t\t<\/div>\n\t\t","protected":false},"excerpt":{"rendered":"<p>Motivo de orgullo buitrere\u00f1o Manejar una parroquia en un corregimiento no es f\u00e1cil. Es tarea pastoral y comunitaria, adem\u00e1s de la necesidad de mejorar y mantener la infraestructura.La parroquia de La Buitrera depend\u00eda de Cali (Holguines) hasta el a\u00f1o 2008, cuando adquiri\u00f3 autonom\u00eda bajo el liderazgo del Padre Felipe Alvarado. La Parroquia cubre todo el [&hellip;]<\/p>\n","protected":false},"author":20,"featured_media":3707,"comment_status":"open","ping_status":"open","sticky":false,"template":"","format":"standard","meta":{"_monsterinsights_skip_tracking":false,"_monsterinsights_sitenote_active":false,"_monsterinsights_sitenote_note":"","_monsterinsights_sitenote_category":0,"_joinchat":[],"footnotes":""},"categories":[52],"tags":[],"class_list":["post-3706","post","type-post","status-publish","format-standard","has-post-thumbnail","hentry","category-localidad"],"aioseo_notices":[],"_links":{"self":[{"href":"https:\/\/lacasadelguatin.co\/index.php\/wp-json\/wp\/v2\/posts\/3706","targetHints":{"allow":["GET"]}}],"collection":[{"href":"https:\/\/lacasadelguatin.co\/index.php\/wp-json\/wp\/v2\/posts"}],"about":[{"href":"https:\/\/lacasadelguatin.co\/index.php\/wp-json\/wp\/v2\/types\/post"}],"author":[{"embeddable":true,"href":"https:\/\/lacasadelguatin.co\/index.php\/wp-json\/wp\/v2\/users\/20"}],"replies":[{"embeddable":true,"href":"https:\/\/lacasadelguatin.co\/index.php\/wp-json\/wp\/v2\/comments?post=3706"}],"version-history":[{"count":14,"href":"https:\/\/lacasadelguatin.co\/index.php\/wp-json\/wp\/v2\/posts\/3706\/revisions"}],"predecessor-version":[{"id":3728,"href":"https:\/\/lacasadelguatin.co\/index.php\/wp-json\/wp\/v2\/posts\/3706\/revisions\/3728"}],"wp:featuredmedia":[{"embeddable":true,"href":"https:\/\/lacasadelguatin.co\/index.php\/wp-json\/wp\/v2\/media\/3707"}],"wp:attachment":[{"href":"https:\/\/lacasadelguatin.co\/index.php\/wp-json\/wp\/v2\/media?parent=3706"}],"wp:term":[{"taxonomy":"category","embeddable":true,"href":"https:\/\/lacasadelguatin.co\/index.php\/wp-json\/wp\/v2\/categories?post=3706"},{"taxonomy":"post_tag","embeddable":true,"href":"https:\/\/lacasadelguatin.co\/index.php\/wp-json\/wp\/v2\/tags?post=3706"}],"curies":[{"name":"wp","href":"https:\/\/api.w.org\/{rel}","templated":true}]}}