{"id":3620,"date":"2022-03-01T21:07:34","date_gmt":"2022-03-01T21:07:34","guid":{"rendered":"https:\/\/lacasadelguatin.co\/?p=3620"},"modified":"2022-06-06T19:47:03","modified_gmt":"2022-06-06T19:47:03","slug":"la-ruralidad-calena-vs-el-proyecto-de-cali-distrito","status":"publish","type":"post","link":"https:\/\/lacasadelguatin.co\/index.php\/2022\/03\/01\/la-ruralidad-calena-vs-el-proyecto-de-cali-distrito\/","title":{"rendered":"La ruralidad cale\u00f1a Vs el proyecto de \u00abcali-distrito\u00bb"},"content":{"rendered":"\t\t<div data-elementor-type=\"wp-post\" data-elementor-id=\"3620\" class=\"elementor elementor-3620\" data-elementor-post-type=\"post\">\n\t\t\t\t\t\t<section class=\"elementor-section elementor-top-section elementor-element elementor-element-49980db elementor-section-boxed elementor-section-height-default elementor-section-height-default\" data-id=\"49980db\" data-element_type=\"section\" data-e-type=\"section\">\n\t\t\t\t\t\t<div class=\"elementor-container elementor-column-gap-default\">\n\t\t\t\t\t<div class=\"elementor-column elementor-col-100 elementor-top-column elementor-element elementor-element-b0e596d\" data-id=\"b0e596d\" data-element_type=\"column\" data-e-type=\"column\">\n\t\t\t<div class=\"elementor-widget-wrap elementor-element-populated\">\n\t\t\t\t\t\t<div class=\"elementor-element elementor-element-aa568ea elementor-widget elementor-widget-text-editor\" data-id=\"aa568ea\" data-element_type=\"widget\" data-e-type=\"widget\" data-widget_type=\"text-editor.default\">\n\t\t\t\t\t\t\t\t\t<p>\u00bfLas localidades urbano-rurales: no es un acto colonialista de Cali y sus dirigentes con las comunidades rurales?<br \/>El ordenamiento territorial de nuestro pa\u00eds lo establece nuestra constituci\u00f3n pol\u00edtica en el Art. 286 en los entes siguientes: departamentos, distritos, municipios y los territorios ind\u00edgenas, dejando abierta la posibilidad al legislador de crear regiones y provincias.<br \/>Los \u201cdistritos\u201d son regidos por el R\u00e9gimen de Distritos Especiales (Ley 1617 de 2013) y de acuerdo al mismo, es su funci\u00f3n dividir el territorio en localidades (de acuerdo a las caracter\u00edsticas de sus habitantes) y atribuirle competencias y funciones. Adem\u00e1s, el 10% del presupuesto de la administraci\u00f3n central se distribuye entre los distritos existentes y los alcaldes de las localidades ser\u00e1n elegidos mediante terna que env\u00eda la Junta Administradora Local (JAL), aclarando que se trata de unas nuevas JAL que no tienen nada que ver con las de los corregimientos actuales.<br \/>Cali fue designado como Distrito Especial mediante la Ley 1933 de 2018. El exalcalde Mauricio Armitage nombr\u00f3 un \u201cComit\u00e9 Cali Distrito Especial\u201d para definir localidades, funciones y modalidades, que termin\u00f3 su labor antes de la pandemia (diciembre 2019), incluyendo algunas reuniones con los ediles de las comunas y con los ediles y poblaci\u00f3n de los corregimientos.<br \/>Las directrices de la Alcald\u00eda y (\u00bfpor lo tanto?) conclusiones del Comit\u00e9 eran:<br \/>&#8211; Localidades urbano-rurales (integraci\u00f3n).<br \/>&#8211; Localidades grandes (400.000 a 500.000 habitantes)<br \/>&#8211; Localidades del mismo tama\u00f1o (aproximado)<br \/>En forma abrumadora, las reuniones en los corregimientos rurales se opusieron a las \u201cpropuestas\u201d enunciadas: Los Corregimientos no est\u00e1n interesados en integrarse en \u201clocalidades nuevas\u201d con zonas urbanas y prefieren localidades rurales de tama\u00f1o peque\u00f1o y f\u00e1cil administraci\u00f3n aut\u00f3noma.<br \/>Seg\u00fan el Departamento de Geograf\u00eda de la U. del Valle:<br \/>\u201cNo existe una visi\u00f3n ciudadana que haya motivado la b\u00fasqueda y concreci\u00f3n de Cali como Distrito especial. Esta condici\u00f3n dificulta el cumplimiento de la divisi\u00f3n del Municipio en localidades, en tanto fueron razones ajenas a la mayor\u00eda de la poblaci\u00f3n, y de dudosa justificaci\u00f3n, las que motivaron la promulgaci\u00f3n de la Ley. Al no contar con esa visi\u00f3n de conjunto, tal divisi\u00f3n en localidades obliga al fraccionamiento del Municipio sin que a\u00fan se tengan claras las metas que se persiguen. Siendo as\u00ed, un ejercicio de tan compleja realizaci\u00f3n y alto riesgo se convierte en medio y fin en s\u00ed mismo, extraviando, de hecho, los posibles argumentos que lo sustentan\u201d (Comunicado del Departamento de Geograf\u00eda de la Universidad del Valle, Junio 2019).<br \/>De acuerdo al planteamiento anterior, nos vienen muchos interrogantes:<br \/>&#8211; \u00bfCu\u00e1l fue la \u201cparticipaci\u00f3n\u201d de las comunidades urbanas (comunas) y rurales (corregimientos) en el dise\u00f1o de las localidades?<br \/>&#8211; \u00bfCu\u00e1les fueron los motivos del Municipio para direccionar la divisi\u00f3n del territorio en localidades \u201ch\u00edbridas\u201d urbano-rurales?<br \/>&#8211; \u00bfQu\u00e9 nos aportar\u00eda este nuevo esquema administrativo para la gobernanza de nuestra Buitrera (y dem\u00e1s corregimientos)?<br \/>&#8211; \u00bfPor qu\u00e9 la Alcald\u00eda de Cali no nos permite a los Corregimientos definir \u00a0nuestro futuro de localidades?<br \/>De esta manera, empezar\u00edamos a romper con el colonialismo interno al cual ha \u00a0estado sometida la ruralidad cale\u00f1a desde siempre.<\/p>\t\t\t\t\t\t\t\t<\/div>\n\t\t\t\t\t<\/div>\n\t\t<\/div>\n\t\t\t\t\t<\/div>\n\t\t<\/section>\n\t\t\t\t<\/div>\n\t\t","protected":false},"excerpt":{"rendered":"<p>\u00bfLas localidades urbano-rurales: no es un acto colonialista de Cali y sus dirigentes con las comunidades rurales? El ordenamiento territorial de nuestro pa\u00eds lo establece nuestra constituci\u00f3n pol\u00edtica en el Art. 286 en los entes siguientes: departamentos, distritos, municipios y los territorios ind\u00edgenas, dejando abierta la posibilidad al legislador de crear regiones y provincias. Los [&hellip;]<\/p>\n","protected":false},"author":7,"featured_media":3621,"comment_status":"open","ping_status":"open","sticky":false,"template":"","format":"standard","meta":{"_monsterinsights_skip_tracking":false,"_monsterinsights_sitenote_active":false,"_monsterinsights_sitenote_note":"","_monsterinsights_sitenote_category":0,"_joinchat":[],"footnotes":""},"categories":[58],"tags":[],"class_list":["post-3620","post","type-post","status-publish","format-standard","has-post-thumbnail","hentry","category-la-buitrera-vs-cali-distrito"],"aioseo_notices":[],"_links":{"self":[{"href":"https:\/\/lacasadelguatin.co\/index.php\/wp-json\/wp\/v2\/posts\/3620","targetHints":{"allow":["GET"]}}],"collection":[{"href":"https:\/\/lacasadelguatin.co\/index.php\/wp-json\/wp\/v2\/posts"}],"about":[{"href":"https:\/\/lacasadelguatin.co\/index.php\/wp-json\/wp\/v2\/types\/post"}],"author":[{"embeddable":true,"href":"https:\/\/lacasadelguatin.co\/index.php\/wp-json\/wp\/v2\/users\/7"}],"replies":[{"embeddable":true,"href":"https:\/\/lacasadelguatin.co\/index.php\/wp-json\/wp\/v2\/comments?post=3620"}],"version-history":[{"count":8,"href":"https:\/\/lacasadelguatin.co\/index.php\/wp-json\/wp\/v2\/posts\/3620\/revisions"}],"predecessor-version":[{"id":5051,"href":"https:\/\/lacasadelguatin.co\/index.php\/wp-json\/wp\/v2\/posts\/3620\/revisions\/5051"}],"wp:featuredmedia":[{"embeddable":true,"href":"https:\/\/lacasadelguatin.co\/index.php\/wp-json\/wp\/v2\/media\/3621"}],"wp:attachment":[{"href":"https:\/\/lacasadelguatin.co\/index.php\/wp-json\/wp\/v2\/media?parent=3620"}],"wp:term":[{"taxonomy":"category","embeddable":true,"href":"https:\/\/lacasadelguatin.co\/index.php\/wp-json\/wp\/v2\/categories?post=3620"},{"taxonomy":"post_tag","embeddable":true,"href":"https:\/\/lacasadelguatin.co\/index.php\/wp-json\/wp\/v2\/tags?post=3620"}],"curies":[{"name":"wp","href":"https:\/\/api.w.org\/{rel}","templated":true}]}}