{"id":3315,"date":"2022-03-01T21:08:00","date_gmt":"2022-03-01T21:08:00","guid":{"rendered":"https:\/\/lacasadelguatin.co\/?p=3315"},"modified":"2022-06-06T19:45:43","modified_gmt":"2022-06-06T19:45:43","slug":"la-figura-de-un-cali-distrito-hablemos-rural","status":"publish","type":"post","link":"https:\/\/lacasadelguatin.co\/index.php\/2022\/03\/01\/la-figura-de-un-cali-distrito-hablemos-rural\/","title":{"rendered":"La figura de un \u201cCali-distrito\u201d Hablemos rural"},"content":{"rendered":"\n<p>La Ruralidad de Cali es un territorio tejido entre comunidades, monta\u00f1as y r\u00edos, elaborado por las ara\u00f1as de los Farallones con hilos de solidaridad, puntadas de colectividad y razones de vida. El territorio rural y cada uno de los corregimientos se consideran como algo propio, no porque el territorio nos pertenezca, sino porque nosotros le pertenecemos a \u00e9l. <br>A finales de 2018 de manera sorpresiva y extra\u00f1a, se le impuso un letrero a Cali con el nombre de \u201cdistrito\u201d.  Este proceso se tramit\u00f3 en Bogot\u00e1 entre 2014 y 2018 sin realizarse ning\u00fan estudio, ni consulta, ni socializaci\u00f3n ciudadana o acad\u00e9mica.<br>\u00bfPor qu\u00e9 llega una norma y un cambio tan importante de manera totalmente sorpresiva, inoportuna e inconsulta? \u00bfQu\u00e9 significa ser \u201cdistrito\u201d para Cali? \u00bfPara qu\u00e9? \u00bfPor qu\u00e9? \u00bfC\u00f3mo? \u00bfPara qui\u00e9n? Despu\u00e9s de tres a\u00f1os, a\u00fan nadie lo entiende muy bien. Ni los acad\u00e9micos, ni los gobernantes, ni los t\u00e9cnicos pueden hablar con destreza y realidad sobre el tema.<br>Seg\u00fan testimonios de acad\u00e9micos de otras ciudades que quisieron transformar en distrito: \u201cCuando hablo con mis colegas de Cali, de las distintas universidades que hicieron el estudio, est\u00e1n profundamente arrepentidos (\u2026). Esto no es claro ni los beneficios son tangibles\u201d (Leiva, 2021).<br>A pesar de lo anterior, en el primer semestre de 2022 se pretende presentar al concejo el nuevo mapa de Cali. Esta decisi\u00f3n coloca en grave riesgo a la ruralidad, ya que se quiere imponer un dise\u00f1o de localidades urbano-rurales, lo cual conlleva impredecibles impactos socioculturales y ambientales. No estamos hablando solo de divisi\u00f3n pol\u00edtica de fronteras: es el entramado relacional de la cultura y el ecosistema. Los territorios determinan las localidades y no al contrario.<br>El dise\u00f1o de localidades urbano-rurales demuestra algo que ya es bien conocido para la comunidad rural: el gran desconocimiento del territorio rural por parte de los funcionarios, contratistas, ONG, etc. El caso no ser\u00eda tan grave si no constituyera una \u201cactitud\u201d.<br>Durante el proceso de distrito en el 2019, la comunidad rural dej\u00f3 en claro su rechazo a la idea de localidades urbanorural y present\u00f3 al menos 4 propuestas alternativas de localidades rurales. No obstante, ninguna de las 4 propuestas comunitarias rurales, ni el contundente rechazo de la comunidad a la mezcla urbano rural, fueron incluidos en el an\u00e1lisis. Por ello se suele considerar que el proceso de distritalizaci\u00f3n es una burla a la democracia y a la participaci\u00f3n ciudadana. Hoy m\u00e1s que nunca, como dijeron los mayores, \u00abantes de ordenar el territorio, debemos reordenar el pensamiento\u00bb.<br>El desconocimiento y la invisibilizaci\u00f3n de lo rural, significa la desaparici\u00f3n de misteriosas formas de relacionamiento m\u00e1s respetuosas con la naturaleza y con el colectivo, de las cuales hoy necesitamos tanto. La ruralidad parece (tristemente) ser el \u00faltimo v\u00ednculo de Cali con la espiritualidad, casi perdida en nuestra cultura, y con la solidaridad, que afortunadamente irriga todav\u00eda los caminos de la Cali rural. Respetemos lo ind\u00f3mito de la ruralidad.<br>La imposici\u00f3n de localidades urbano-rurales ser\u00eda una triste figura para la historia, irrespetuosa con los habitantes rurales. Que este proyecto \u201cCALI-DISTRITO\u201d de reestructuraci\u00f3n administrativa del municipio sea la oportunidad para reanudar el di\u00e1logo entre ciudad y campo.<\/p>\n","protected":false},"excerpt":{"rendered":"<p>La Ruralidad de Cali es un territorio tejido entre comunidades, monta\u00f1as y r\u00edos, elaborado por las ara\u00f1as de los Farallones con hilos de solidaridad, puntadas de colectividad y razones de vida. El territorio rural y cada uno de los corregimientos se consideran como algo propio, no porque el territorio nos pertenezca, sino porque nosotros le [&hellip;]<\/p>\n","protected":false},"author":16,"featured_media":3320,"comment_status":"open","ping_status":"open","sticky":false,"template":"","format":"standard","meta":{"_monsterinsights_skip_tracking":false,"_monsterinsights_sitenote_active":false,"_monsterinsights_sitenote_note":"","_monsterinsights_sitenote_category":0,"_joinchat":[],"footnotes":""},"categories":[58],"tags":[],"class_list":["post-3315","post","type-post","status-publish","format-standard","has-post-thumbnail","hentry","category-la-buitrera-vs-cali-distrito"],"aioseo_notices":[],"_links":{"self":[{"href":"https:\/\/lacasadelguatin.co\/index.php\/wp-json\/wp\/v2\/posts\/3315","targetHints":{"allow":["GET"]}}],"collection":[{"href":"https:\/\/lacasadelguatin.co\/index.php\/wp-json\/wp\/v2\/posts"}],"about":[{"href":"https:\/\/lacasadelguatin.co\/index.php\/wp-json\/wp\/v2\/types\/post"}],"author":[{"embeddable":true,"href":"https:\/\/lacasadelguatin.co\/index.php\/wp-json\/wp\/v2\/users\/16"}],"replies":[{"embeddable":true,"href":"https:\/\/lacasadelguatin.co\/index.php\/wp-json\/wp\/v2\/comments?post=3315"}],"version-history":[{"count":2,"href":"https:\/\/lacasadelguatin.co\/index.php\/wp-json\/wp\/v2\/posts\/3315\/revisions"}],"predecessor-version":[{"id":3639,"href":"https:\/\/lacasadelguatin.co\/index.php\/wp-json\/wp\/v2\/posts\/3315\/revisions\/3639"}],"wp:featuredmedia":[{"embeddable":true,"href":"https:\/\/lacasadelguatin.co\/index.php\/wp-json\/wp\/v2\/media\/3320"}],"wp:attachment":[{"href":"https:\/\/lacasadelguatin.co\/index.php\/wp-json\/wp\/v2\/media?parent=3315"}],"wp:term":[{"taxonomy":"category","embeddable":true,"href":"https:\/\/lacasadelguatin.co\/index.php\/wp-json\/wp\/v2\/categories?post=3315"},{"taxonomy":"post_tag","embeddable":true,"href":"https:\/\/lacasadelguatin.co\/index.php\/wp-json\/wp\/v2\/tags?post=3315"}],"curies":[{"name":"wp","href":"https:\/\/api.w.org\/{rel}","templated":true}]}}