{"id":2847,"date":"2021-12-16T17:44:44","date_gmt":"2021-12-16T17:44:44","guid":{"rendered":"https:\/\/lacasadelguatin.co\/?p=2847"},"modified":"2022-01-07T22:22:55","modified_gmt":"2022-01-07T22:22:55","slug":"terremoto-en-la-buitrera-se-nos-movio-el-centro-de-gravedad-del-pueblo","status":"publish","type":"post","link":"https:\/\/lacasadelguatin.co\/index.php\/2021\/12\/16\/terremoto-en-la-buitrera-se-nos-movio-el-centro-de-gravedad-del-pueblo\/","title":{"rendered":"\u00a1Terremoto en La Buitrera! Se nos movi\u00f3 el centro de gravedad del pueblo"},"content":{"rendered":"\t\t<div data-elementor-type=\"wp-post\" data-elementor-id=\"2847\" class=\"elementor elementor-2847\" data-elementor-post-type=\"post\">\n\t\t\t\t\t\t<section class=\"elementor-section elementor-top-section elementor-element elementor-element-68002bb6 elementor-section-boxed elementor-section-height-default elementor-section-height-default\" data-id=\"68002bb6\" data-element_type=\"section\" data-e-type=\"section\">\n\t\t\t\t\t\t<div class=\"elementor-container elementor-column-gap-default\">\n\t\t\t\t\t<div class=\"elementor-column elementor-col-100 elementor-top-column elementor-element elementor-element-4757a984\" data-id=\"4757a984\" data-element_type=\"column\" data-e-type=\"column\">\n\t\t\t<div class=\"elementor-widget-wrap elementor-element-populated\">\n\t\t\t\t\t\t<div class=\"elementor-element elementor-element-66e9f63 elementor-widget elementor-widget-text-editor\" data-id=\"66e9f63\" data-element_type=\"widget\" data-e-type=\"widget\" data-widget_type=\"text-editor.default\">\n\t\t\t\t\t\t\t\t\t\n<div class=\"wp-block-image is-style-default\">\n<figure class=\"alignright size-full is-resized\"><img fetchpriority=\"high\" decoding=\"async\" class=\"wp-image-2850\" src=\"http:\/\/lacasadelguatin.co\/wp-content\/uploads\/2021\/12\/walter.png\" alt=\"\" width=\"473\" height=\"439\" srcset=\"https:\/\/lacasadelguatin.co\/wp-content\/uploads\/2021\/12\/walter.png 945w, https:\/\/lacasadelguatin.co\/wp-content\/uploads\/2021\/12\/walter-300x279.png 300w, https:\/\/lacasadelguatin.co\/wp-content\/uploads\/2021\/12\/walter-768x714.png 768w\" sizes=\"(max-width: 473px) 100vw, 473px\" \/><\/figure>\n<\/div>\n\n<p>Ya se nos fue Walter, el que nos atend\u00eda en el plan. Dicen que encontr\u00f3 mejor vida.<\/p>\n\n<p>Y otra tienda encontrar\u00e1 tienda encontrar\u00e1 donde habr\u00e1 y tendr\u00e1 \u00abotro plan\u00bb.<\/p>\n\n<p>Extra\u00f1aremos su presencia, su transparencia al actuar. Siempre se mostr\u00f3 \u00abtal cual\u00bb; nunca fingi\u00f3 ser otro hombre, al estar con los dem\u00e1s.<\/p>\n\n<p class=\"has-text-align-center\"><em>Miguel Vallejo<\/em><\/p>\n\n<h3 class=\"wp-block-heading\">Sobre do\u00f1a Rosita<\/h3>\n\n<p>Por: Nancy Moncayo<\/p>\n\n<p>Do\u00f1a Rosa Amelia Vel\u00e1squez lleg\u00f3 a La Buitrera<img decoding=\"async\" class=\"wp-image-2851 alignleft\" style=\"font-weight: inherit;\" src=\"https:\/\/lacasadelguatin.co\/wp-content\/uploads\/2021\/12\/dona-rosita.png\" alt=\"\" width=\"158\" height=\"211\" srcset=\"https:\/\/lacasadelguatin.co\/wp-content\/uploads\/2021\/12\/dona-rosita.png 624w, https:\/\/lacasadelguatin.co\/wp-content\/uploads\/2021\/12\/dona-rosita-225x300.png 225w\" sizes=\"(max-width: 158px) 100vw, 158px\" \/><span style=\"font-size: 16px;\">\u00a0hace m\u00e1s de cincuenta y seis a\u00f1os. Inicialmente a la finca el Rodadero en el km 7, de all\u00ed pasar\u00edan a la Vereda El Rosario por alg\u00fan tiempo y despu\u00e9s se establecieron definitivamente en el Crucero o Pueblo Nuevo. Su esposo Jos\u00e9 Toro, o don Chepe como todos lo conocimos, fue el primer fontanero que tuvo el corregimiento al iniciarse nuestro acueducto y sus recorridos deb\u00eda hacerlos a caballo.<\/span><\/p>\n\n<p>Madre abnegada de ocho hijos, de los cuales la mitad naci\u00f3 en La Buitrera. Cuando se establecieron en el crucero o Pueblo Nuevo, este era una m\u00ednima parte de lo que es hoy d\u00eda, aun as\u00ed la familia Toro Vel\u00e1squez inici\u00f3 la primera tienda del sector que a\u00fan sigue siendo punto importante de comercio y encuentro.\u00a0<img decoding=\"async\" class=\"wp-image-2852 alignright\" style=\"font-weight: inherit;\" src=\"https:\/\/lacasadelguatin.co\/wp-content\/uploads\/2021\/12\/rosita-944x1024.png\" alt=\"\" width=\"214\" height=\"232\" srcset=\"https:\/\/lacasadelguatin.co\/wp-content\/uploads\/2021\/12\/rosita-944x1024.png 944w, https:\/\/lacasadelguatin.co\/wp-content\/uploads\/2021\/12\/rosita-277x300.png 277w, https:\/\/lacasadelguatin.co\/wp-content\/uploads\/2021\/12\/rosita-768x833.png 768w, https:\/\/lacasadelguatin.co\/wp-content\/uploads\/2021\/12\/rosita.png 1417w\" sizes=\"(max-width: 214px) 100vw, 214px\" \/><span style=\"font-size: 16px;\">Do\u00f1a Rosa c\u00f3mo buena paisa, carism\u00e1tica y servicial, con sentido de labor social, perteneci\u00f3 por varios periodos a la JAL del corregimiento y desde all\u00ed tambi\u00e9n sirvi\u00f3 a la comunidad. La recordaremos como figura y l\u00edder comunitaria querida de nuestro territorio.<\/span><\/p>\n\t\t\t\t\t\t\t\t<\/div>\n\t\t\t\t\t<\/div>\n\t\t<\/div>\n\t\t\t\t\t<\/div>\n\t\t<\/section>\n\t\t\t\t<\/div>\n\t\t","protected":false},"excerpt":{"rendered":"<p>Ya se nos fue Walter, el que nos atend\u00eda en el plan. Dicen que encontr\u00f3 mejor vida. Y otra tienda encontrar\u00e1 tienda encontrar\u00e1 donde habr\u00e1 y tendr\u00e1 \u00abotro plan\u00bb. Extra\u00f1aremos su presencia, su transparencia al actuar. Siempre se mostr\u00f3 \u00abtal cual\u00bb; nunca fingi\u00f3 ser otro hombre, al estar con los dem\u00e1s. Miguel Vallejo Sobre do\u00f1a [&hellip;]<\/p>\n","protected":false},"author":1,"featured_media":2849,"comment_status":"open","ping_status":"open","sticky":false,"template":"","format":"standard","meta":{"_monsterinsights_skip_tracking":false,"_monsterinsights_sitenote_active":false,"_monsterinsights_sitenote_note":"","_monsterinsights_sitenote_category":0,"_joinchat":[],"footnotes":""},"categories":[26],"tags":[],"class_list":["post-2847","post","type-post","status-publish","format-standard","has-post-thumbnail","hentry","category-homenajes"],"aioseo_notices":[],"_links":{"self":[{"href":"https:\/\/lacasadelguatin.co\/index.php\/wp-json\/wp\/v2\/posts\/2847","targetHints":{"allow":["GET"]}}],"collection":[{"href":"https:\/\/lacasadelguatin.co\/index.php\/wp-json\/wp\/v2\/posts"}],"about":[{"href":"https:\/\/lacasadelguatin.co\/index.php\/wp-json\/wp\/v2\/types\/post"}],"author":[{"embeddable":true,"href":"https:\/\/lacasadelguatin.co\/index.php\/wp-json\/wp\/v2\/users\/1"}],"replies":[{"embeddable":true,"href":"https:\/\/lacasadelguatin.co\/index.php\/wp-json\/wp\/v2\/comments?post=2847"}],"version-history":[{"count":12,"href":"https:\/\/lacasadelguatin.co\/index.php\/wp-json\/wp\/v2\/posts\/2847\/revisions"}],"predecessor-version":[{"id":3000,"href":"https:\/\/lacasadelguatin.co\/index.php\/wp-json\/wp\/v2\/posts\/2847\/revisions\/3000"}],"wp:featuredmedia":[{"embeddable":true,"href":"https:\/\/lacasadelguatin.co\/index.php\/wp-json\/wp\/v2\/media\/2849"}],"wp:attachment":[{"href":"https:\/\/lacasadelguatin.co\/index.php\/wp-json\/wp\/v2\/media?parent=2847"}],"wp:term":[{"taxonomy":"category","embeddable":true,"href":"https:\/\/lacasadelguatin.co\/index.php\/wp-json\/wp\/v2\/categories?post=2847"},{"taxonomy":"post_tag","embeddable":true,"href":"https:\/\/lacasadelguatin.co\/index.php\/wp-json\/wp\/v2\/tags?post=2847"}],"curies":[{"name":"wp","href":"https:\/\/api.w.org\/{rel}","templated":true}]}}