{"id":2454,"date":"2021-12-15T17:16:55","date_gmt":"2021-12-15T17:16:55","guid":{"rendered":"https:\/\/lacasadelguatin.co\/?p=2454"},"modified":"2021-12-16T13:31:23","modified_gmt":"2021-12-16T13:31:23","slug":"callejon-cascabeles-si-podemos","status":"publish","type":"post","link":"https:\/\/lacasadelguatin.co\/index.php\/2021\/12\/15\/callejon-cascabeles-si-podemos\/","title":{"rendered":"Callej\u00f3n Cascabeles \u00abS\u00ed podemos\u00bb"},"content":{"rendered":"\n<p><strong>Es el grito del callej\u00f3n Cascabeles que se parece al \u201c\u00a1YES, WE CAN!\u201d del expresidente Obama.<\/strong><\/p>\n\n\n\n<p>Tuve la suerte de vivir en el callej\u00f3n Cascabeles durante unos 10 a\u00f1os, el siglo pasado. Eran otros tiempos; poca gente; una av\u00edcola; grandes lotes.<\/p>\n\n\n\n<p>Pas\u00f3 el tiempo. Se cerr\u00f3 la av\u00edcola con su matadero de aves. Se parcelaron y lotificaron las fincas. Hay muchas casas hoy en d\u00eda. Este callej\u00f3n es uno de los m\u00e1s largos de nuestro (sub)corregimiento.<\/p>\n\n\n\n<p>\u00bfY c\u00f3mo qued\u00f3 la v\u00eda treinta a\u00f1os despues? Pues igual, aparte de las huellas de concreto en sus dos puntas (saliendo de \u201cF\u00e1tima\u201d y llegando al callej\u00f3n \u201cColinas\u201d). Nada f\u00e1cil de transitar sobre ella en invierno para tantos (nuevos) habitantes. Mas a\u00fan que este callej\u00f3n es una v\u00eda alterna para ir de la \u201cBuitrera media\u201d hacia el Plan, evitando Girasoles y el Portento. Es casi nuestra \u201ccircunvalar\u201d.<\/p>\n\n\n\n<div class=\"wp-block-image\"><figure class=\"alignright size-large is-resized\"><img fetchpriority=\"high\" decoding=\"async\" src=\"https:\/\/lacasadelguatin.co\/wp-content\/uploads\/2021\/12\/cascab-5-1024x571.jpg\" alt=\"\" class=\"wp-image-2516\" width=\"512\" height=\"286\" srcset=\"https:\/\/lacasadelguatin.co\/wp-content\/uploads\/2021\/12\/cascab-5-1024x571.jpg 1024w, https:\/\/lacasadelguatin.co\/wp-content\/uploads\/2021\/12\/cascab-5-300x167.jpg 300w, https:\/\/lacasadelguatin.co\/wp-content\/uploads\/2021\/12\/cascab-5-768x428.jpg 768w, https:\/\/lacasadelguatin.co\/wp-content\/uploads\/2021\/12\/cascab-5.jpg 1181w\" sizes=\"(max-width: 512px) 100vw, 512px\" \/><figcaption><sub><sup>Fotos del vecindario<\/sup><\/sub><\/figcaption><\/figure><\/div>\n\n\n\n<p>El municipio instal\u00f3 hace unos 10 a\u00f1os el alumbrado p\u00fablico que, por supuesto, no exist\u00eda el siglo pasado, pero no hizo arreglo alguno de la carretera. Los vecinos se aburrieron de solicitar al Municipio su pavimentaci\u00f3n, o al menos huellas de concreto, directamente o a trav\u00e9s de la JAC y JAL, hasta que hace a\u00f1o y medio \u201ctomaron el toro por los cuernos\u201d. Bajo el impulso del Maestro Jairo Garc\u00eda y de su vecino Ivan, los habitantes decidieron hacer la carretera ellos mismos, con financiamiento de los vecinos, metro por metro seg\u00fan el flujo de caja. Puede que se demoren cinco a\u00f1os, pero la obra avanza, tramo por tramo, con determinaci\u00f3n y alegr\u00eda. Algunas casas ponen dinero, otras, mano de obra. Solo se trabaja los domingos y festivos. Cada casa aporta una cuota del al menos 100.000 pesos. Para recoger fondos adicionales, la Comunidad hace festividades locales. Tuvimos la oportunidad de compartir una olla comunitaria y un sapo. <\/p>\n\n\n\n<div class=\"wp-block-image\"><figure class=\"alignleft size-medium is-resized\"><img decoding=\"async\" src=\"https:\/\/lacasadelguatin.co\/wp-content\/uploads\/2021\/12\/callejoncascabeles-300x225.jpg\" alt=\"\" class=\"wp-image-2456\" width=\"300\" height=\"225\" srcset=\"https:\/\/lacasadelguatin.co\/wp-content\/uploads\/2021\/12\/callejoncascabeles-300x225.jpg 300w, https:\/\/lacasadelguatin.co\/wp-content\/uploads\/2021\/12\/callejoncascabeles-1024x768.jpg 1024w, https:\/\/lacasadelguatin.co\/wp-content\/uploads\/2021\/12\/callejoncascabeles-768x576.jpg 768w, https:\/\/lacasadelguatin.co\/wp-content\/uploads\/2021\/12\/callejoncascabeles.jpg 1350w\" sizes=\"(max-width: 300px) 100vw, 300px\" \/><figcaption><sup>Fotos de los vecinos<\/sup><\/figcaption><\/figure><\/div>\n\n\n\n<p>Con toda su experiencia de maestro, y en particular de huellas de concreto en fincas, don Jairo es tambi\u00e9n el dise\u00f1ador de la v\u00eda, tanto de las huellas como de las cunetas de desag\u00fce. Y no es nada f\u00e1cil manejar las aguas de lluvia en nuestro territorio monta\u00f1oso. \u00a1Bravo, maestro!, y \u00a1bravo comunidad unida de Cascabeles! No solo est\u00e1n haciendo una v\u00eda, sino que nos est\u00e1n mostrando a todos un camino de colaboraci\u00f3n comunitaria.<br>Quedan algunas preguntas ingenuas del GUAT\u00cdN: \u00bfSer\u00e1 normal que tengamos TAMBIEN que financiar, nosotros los vecinos, la pavimentaci\u00f3n y arreglo de nuestras v\u00edas? \u00bfNo ser\u00e1 que es la funci\u00f3n del Municipio hacerlo gracias a nuestros impuestos ICA y catastrales, que adem\u00e1s se dispararon estos \u00faltimos a\u00f1os? \u00bfPara d\u00f3nde van nuestras contribuciones financieras a la \u201cvaca colectiva\u201d del Municipio?<\/p>\n\n\n\n<p><\/p>\n","protected":false},"excerpt":{"rendered":"<p>Es el grito del callej\u00f3n Cascabeles que se parece al \u201c\u00a1YES, WE CAN!\u201d del expresidente Obama. Tuve la suerte de vivir en el callej\u00f3n Cascabeles durante unos 10 a\u00f1os, el siglo pasado. Eran otros tiempos; poca gente; una av\u00edcola; grandes lotes. Pas\u00f3 el tiempo. Se cerr\u00f3 la av\u00edcola con su matadero de aves. Se parcelaron [&hellip;]<\/p>\n","protected":false},"author":9,"featured_media":2455,"comment_status":"open","ping_status":"open","sticky":false,"template":"","format":"standard","meta":{"_monsterinsights_skip_tracking":false,"_monsterinsights_sitenote_active":false,"_monsterinsights_sitenote_note":"","_monsterinsights_sitenote_category":0,"_joinchat":[],"footnotes":""},"categories":[43,44],"tags":[],"class_list":["post-2454","post","type-post","status-publish","format-standard","has-post-thumbnail","hentry","category-callejones-de-la-buitrera","category-comunidad"],"aioseo_notices":[],"_links":{"self":[{"href":"https:\/\/lacasadelguatin.co\/index.php\/wp-json\/wp\/v2\/posts\/2454","targetHints":{"allow":["GET"]}}],"collection":[{"href":"https:\/\/lacasadelguatin.co\/index.php\/wp-json\/wp\/v2\/posts"}],"about":[{"href":"https:\/\/lacasadelguatin.co\/index.php\/wp-json\/wp\/v2\/types\/post"}],"author":[{"embeddable":true,"href":"https:\/\/lacasadelguatin.co\/index.php\/wp-json\/wp\/v2\/users\/9"}],"replies":[{"embeddable":true,"href":"https:\/\/lacasadelguatin.co\/index.php\/wp-json\/wp\/v2\/comments?post=2454"}],"version-history":[{"count":8,"href":"https:\/\/lacasadelguatin.co\/index.php\/wp-json\/wp\/v2\/posts\/2454\/revisions"}],"predecessor-version":[{"id":2708,"href":"https:\/\/lacasadelguatin.co\/index.php\/wp-json\/wp\/v2\/posts\/2454\/revisions\/2708"}],"wp:featuredmedia":[{"embeddable":true,"href":"https:\/\/lacasadelguatin.co\/index.php\/wp-json\/wp\/v2\/media\/2455"}],"wp:attachment":[{"href":"https:\/\/lacasadelguatin.co\/index.php\/wp-json\/wp\/v2\/media?parent=2454"}],"wp:term":[{"taxonomy":"category","embeddable":true,"href":"https:\/\/lacasadelguatin.co\/index.php\/wp-json\/wp\/v2\/categories?post=2454"},{"taxonomy":"post_tag","embeddable":true,"href":"https:\/\/lacasadelguatin.co\/index.php\/wp-json\/wp\/v2\/tags?post=2454"}],"curies":[{"name":"wp","href":"https:\/\/api.w.org\/{rel}","templated":true}]}}