{"id":2448,"date":"2021-12-15T16:22:55","date_gmt":"2021-12-15T16:22:55","guid":{"rendered":"https:\/\/lacasadelguatin.co\/?p=2448"},"modified":"2021-12-15T16:33:32","modified_gmt":"2021-12-15T16:33:32","slug":"cebando-la-bomba-en-la-buitrera","status":"publish","type":"post","link":"https:\/\/lacasadelguatin.co\/index.php\/2021\/12\/15\/cebando-la-bomba-en-la-buitrera\/","title":{"rendered":"Cebando la bomba en La Buitrera"},"content":{"rendered":"\n<p>Nos lleg\u00f3 el invierno. Peg\u00f3 duro. Se hace m\u00e1s dif\u00edcil andar por los senderos y hasta por las huellas de piedras y de concreto. Es nuestro vivir diario. Y cada a\u00f1o se va complicando con la densificaci\u00f3n del territorio. A mayor \u00e1rea de techos y zonas duras, mayores escurrimientos y mayores estragos. No es muy complicado dise\u00f1ar un sistema de tuber\u00edas y de zanjas para dirigir las aguas de lluvia, pero es trabajo. \u00bfQui\u00e9n lo hace? \u00bfQui\u00e9n lo mantiene? Nuestro territorio bastante abandonado a su suerte, por falta de Gobernabilidad, ha de resolverlo solo, entre vecinos.<\/p>\n\n\n\n<p>Presentamos en este n\u00famero de diciembre la iniciativa de los vecinos del callej\u00f3n Cascabeles para pavimentar su callej\u00f3n, ellos mismos, sin otra ayuda que la plata de sus bolsillos y su mano de obra. Puede que no sea lo \u201ccorrecto\u201d, pues no es su funci\u00f3n ya que para esto pagamos impuestos, pero queremos bajar nuestro sombrero frente a esta comunidad por la acci\u00f3n ejemplar. Unas cincuenta familias sustituyen al Estado, y adem\u00e1s la gozan en sus fiestas locales para recaudar fondos y festejar los avances.<br>En materia de tr\u00e1fico en el Plan (ver el GUATIN de octubre), hay mejoras, aunque superficiales pues el problema es de fondo (planeaci\u00f3n, v\u00edas, respeto de los vecinos). Pero se siente la mejora desde finales de agosto y se agradecen los esfuerzos de los colegios, que si bien son los causantes del problema, est\u00e1n aportando poco a poco a su soluci\u00f3n.<br>Este bimestre, iniciamos los talleres de periodismo gr\u00e1fico. Descubrimos que contamos en nuestro terru\u00f1o con un equipo brillante de dibujantes, caricaturistas, dise\u00f1adores e ilustradores. Ya pueden ver sus primeras obras en este n\u00famero. No duden en comentar, a trav\u00e9s del correo del Guat\u00edn o a trav\u00e9s de su p\u00e1gina WEB (www.lacasadelguatin.co). El equipo gr\u00e1fico se puso tambi\u00e9n a disposici\u00f3n para ilustrar avisos para callejones y para tiendas y camisetas, generando identidad en nuestro territorio. La Fundaci\u00f3n Pro-Org\u00e1nica empujar\u00e1 estas iniciativas, \u201ccebando la bomba\u201d.<br>Este bimestre pasado, nos despedimos de dos queridos lideres comunitarios, do\u00f1a Rosa y Walter. Hacen parte de nuestra historia, de nuestra \u201cmemoria colectiva\u201d que, a prop\u00f3sito, est\u00e1 escribiendo en estos d\u00edas la Fundaci\u00f3n Universidad del Valle por encargo de la Secretar\u00eda de Cultura. Mientras no nos confundan con las veredas ubicadas \u201cdel otro lado del r\u00edo\u201d (Mel\u00e9ndez), bienvenido este aporte.<br>No pierdan el reportaje sobre el Colegio Freinet. Nos llena de orgullo contar con semejante colegio de vanguardia en nuestro territorio. Destacamos tambi\u00e9n las actividades de danza a\u00e9rea que tienen lugar en nuestro coliseo. Como prensa debemos \u201cponer los dedos en las llagas\u201d, y las hay de sobra, en particular en materia de gobernabilidad, para mejorar la calidad de vida, y a la par resaltar las iniciativas valiosas que nacen o se desarrollan en La Buitrera. Es nuestra funci\u00f3n.<br>El pr\u00f3ximo n\u00famero de febrero ser\u00e1 dedicado al ordenamiento territorial y a la gobernabilidad (o su ausencia). Mucha tela para cortar. Los aportes est\u00e1n bienvenidos.<\/p>\n","protected":false},"excerpt":{"rendered":"<p>Nos lleg\u00f3 el invierno. Peg\u00f3 duro. Se hace m\u00e1s dif\u00edcil andar por los senderos y hasta por las huellas de piedras y de concreto. Es nuestro vivir diario. Y cada a\u00f1o se va complicando con la densificaci\u00f3n del territorio. A mayor \u00e1rea de techos y zonas duras, mayores escurrimientos y mayores estragos. No es muy [&hellip;]<\/p>\n","protected":false},"author":1,"featured_media":0,"comment_status":"open","ping_status":"open","sticky":false,"template":"","format":"standard","meta":{"_monsterinsights_skip_tracking":false,"_monsterinsights_sitenote_active":false,"_monsterinsights_sitenote_note":"","_monsterinsights_sitenote_category":0,"_joinchat":[],"footnotes":""},"categories":[24],"tags":[],"class_list":["post-2448","post","type-post","status-publish","format-standard","hentry","category-editorial"],"aioseo_notices":[],"_links":{"self":[{"href":"https:\/\/lacasadelguatin.co\/index.php\/wp-json\/wp\/v2\/posts\/2448","targetHints":{"allow":["GET"]}}],"collection":[{"href":"https:\/\/lacasadelguatin.co\/index.php\/wp-json\/wp\/v2\/posts"}],"about":[{"href":"https:\/\/lacasadelguatin.co\/index.php\/wp-json\/wp\/v2\/types\/post"}],"author":[{"embeddable":true,"href":"https:\/\/lacasadelguatin.co\/index.php\/wp-json\/wp\/v2\/users\/1"}],"replies":[{"embeddable":true,"href":"https:\/\/lacasadelguatin.co\/index.php\/wp-json\/wp\/v2\/comments?post=2448"}],"version-history":[{"count":2,"href":"https:\/\/lacasadelguatin.co\/index.php\/wp-json\/wp\/v2\/posts\/2448\/revisions"}],"predecessor-version":[{"id":2450,"href":"https:\/\/lacasadelguatin.co\/index.php\/wp-json\/wp\/v2\/posts\/2448\/revisions\/2450"}],"wp:attachment":[{"href":"https:\/\/lacasadelguatin.co\/index.php\/wp-json\/wp\/v2\/media?parent=2448"}],"wp:term":[{"taxonomy":"category","embeddable":true,"href":"https:\/\/lacasadelguatin.co\/index.php\/wp-json\/wp\/v2\/categories?post=2448"},{"taxonomy":"post_tag","embeddable":true,"href":"https:\/\/lacasadelguatin.co\/index.php\/wp-json\/wp\/v2\/tags?post=2448"}],"curies":[{"name":"wp","href":"https:\/\/api.w.org\/{rel}","templated":true}]}}