{"id":23502,"date":"2026-09-03T23:50:37","date_gmt":"2026-09-03T23:50:37","guid":{"rendered":"https:\/\/lacasadelguatin.co\/?p=23502"},"modified":"2026-09-03T23:50:38","modified_gmt":"2026-09-03T23:50:38","slug":"la-guatina-abre-un-taller-gratuito-de-danza-sentida-para-reconectar-con-el-cuerpo","status":"publish","type":"post","link":"https:\/\/lacasadelguatin.co\/index.php\/2026\/09\/03\/la-guatina-abre-un-taller-gratuito-de-danza-sentida-para-reconectar-con-el-cuerpo\/","title":{"rendered":"La Guatina abre un taller gratuito de Danza Sentida para reconectar con el cuerpo"},"content":{"rendered":"\n<p class=\"wp-block-paragraph\">El Centro Cultural La Guatina, en el sector El Plan de La Buitrera, anuncia la realizaci\u00f3n de un nuevo espacio de bienestar y expresi\u00f3n corporal: el Taller Gratuito de Danza Sentida, una pr\u00e1ctica que invita a moverse sin juicio, con libertad y presencia.<\/p>\n\n\n\n<p class=\"wp-block-paragraph\">La actividad ser\u00e1 dirigida por Daniela Vallejo, terapeuta y facilitadora de procesos corporales, quien propone un encuentro accesible para todas las personas, sin necesidad de experiencia previa en danza. La metodolog\u00eda se centra en el movimiento consciente, la liberaci\u00f3n de tensiones y la reconexi\u00f3n con la sabidur\u00eda del cuerpo.<\/p>\n\n\n\n<h2 class=\"wp-block-heading\">\ud83c\udf3f Un espacio para sentir, soltar y habitar el cuerpo<\/h2>\n\n\n\n<p class=\"wp-block-paragraph\">La Danza Sentida se ha consolidado como una herramienta de autocuidado que permite explorar el lenguaje corporal desde la autenticidad. En tiempos donde el estr\u00e9s y la desconexi\u00f3n son frecuentes, este taller busca ofrecer un momento de pausa y escucha interna.<\/p>\n\n\n\n<p class=\"wp-block-paragraph\">\u201c\u00bfCu\u00e1ndo fue la \u00faltima vez que te permitiste moverte sin juzgarte, solo sintiendo?\u201d es la pregunta que inspira esta jornada, pensada para quienes desean recuperar la relaci\u00f3n con su cuerpo desde la suavidad y la libertad.<\/p>\n\n\n\n<h2 class=\"wp-block-heading\">\ud83d\udcc5 Detalles del evento<\/h2>\n\n\n\n<ul class=\"wp-block-list\">\n<li>Fecha: S\u00e1bado 5 de septiembre<\/li>\n\n\n\n<li>Hora: 4:00 p. m.<\/li>\n\n\n\n<li>Lugar: Centro Cultural La Guatina<br>(Sector El Plan, km 3, callej\u00f3n puesto de salud, casa 8)<\/li>\n\n\n\n<li>Entrada: Gratuita con inscripci\u00f3n previa<\/li>\n\n\n\n<li>Facilitadora: Daniela Vallejo (Terapeuta)<\/li>\n\n\n\n<li>\u26a0\ufe0f Cupos limitados. La participaci\u00f3n requiere inscripci\u00f3n previa.<\/li>\n\n\n\n<li>\ud83d\udcf2 Inscripciones: 322 633 4768<\/li>\n<\/ul>\n\n\n\n<h2 class=\"wp-block-heading\">\u2728 Una invitaci\u00f3n abierta a la comunidad<\/h2>\n\n\n\n<p class=\"wp-block-paragraph\">El Centro Cultural La Guatina contin\u00faa fortaleciendo su agenda de actividades gratuitas orientadas al bienestar integral y la expresi\u00f3n art\u00edstica. Este taller se suma a las iniciativas que buscan promover la salud emocional, la creatividad y el encuentro comunitario en La Buitrera.<\/p>\n\n\n\n<p class=\"wp-block-paragraph\">Quienes deseen participar est\u00e1n invitados a reservar su cupo y permitir que el cuerpo vuelva a ser un lugar de presencia, movimiento y sentido.<\/p>\n","protected":false},"excerpt":{"rendered":"<p>El Centro Cultural La Guatina, en el sector El Plan de La Buitrera, anuncia la realizaci\u00f3n de un nuevo espacio de bienestar y expresi\u00f3n corporal: el Taller Gratuito de Danza Sentida, una pr\u00e1ctica que invita a moverse sin juicio, con libertad y presencia. La actividad ser\u00e1 dirigida por Daniela Vallejo, terapeuta y facilitadora de procesos [&hellip;]<\/p>\n","protected":false},"author":1,"featured_media":23503,"comment_status":"open","ping_status":"open","sticky":false,"template":"","format":"standard","meta":{"_monsterinsights_skip_tracking":false,"_joinchat":[],"footnotes":""},"categories":[617],"tags":[],"class_list":["post-23502","post","type-post","status-publish","format-standard","has-post-thumbnail","hentry","category-2026clg-01-promocion"],"_links":{"self":[{"href":"https:\/\/lacasadelguatin.co\/index.php\/wp-json\/wp\/v2\/posts\/23502","targetHints":{"allow":["GET"]}}],"collection":[{"href":"https:\/\/lacasadelguatin.co\/index.php\/wp-json\/wp\/v2\/posts"}],"about":[{"href":"https:\/\/lacasadelguatin.co\/index.php\/wp-json\/wp\/v2\/types\/post"}],"author":[{"embeddable":true,"href":"https:\/\/lacasadelguatin.co\/index.php\/wp-json\/wp\/v2\/users\/1"}],"replies":[{"embeddable":true,"href":"https:\/\/lacasadelguatin.co\/index.php\/wp-json\/wp\/v2\/comments?post=23502"}],"version-history":[{"count":0,"href":"https:\/\/lacasadelguatin.co\/index.php\/wp-json\/wp\/v2\/posts\/23502\/revisions"}],"wp:featuredmedia":[{"embeddable":true,"href":"https:\/\/lacasadelguatin.co\/index.php\/wp-json\/wp\/v2\/media\/23503"}],"wp:attachment":[{"href":"https:\/\/lacasadelguatin.co\/index.php\/wp-json\/wp\/v2\/media?parent=23502"}],"wp:term":[{"taxonomy":"category","embeddable":true,"href":"https:\/\/lacasadelguatin.co\/index.php\/wp-json\/wp\/v2\/categories?post=23502"},{"taxonomy":"post_tag","embeddable":true,"href":"https:\/\/lacasadelguatin.co\/index.php\/wp-json\/wp\/v2\/tags?post=23502"}],"curies":[{"name":"wp","href":"https:\/\/api.w.org\/{rel}","templated":true}]}}