{"id":23476,"date":"2026-09-02T00:41:40","date_gmt":"2026-09-02T00:41:40","guid":{"rendered":"https:\/\/lacasadelguatin.co\/?p=23476"},"modified":"2026-09-02T00:41:41","modified_gmt":"2026-09-02T00:41:41","slug":"programacion-cultural-en-la-guatina-actividades-semanales-que-transforman-la-comunidad-en-la-buitrera","status":"publish","type":"post","link":"https:\/\/lacasadelguatin.co\/index.php\/2026\/09\/02\/programacion-cultural-en-la-guatina-actividades-semanales-que-transforman-la-comunidad-en-la-buitrera\/","title":{"rendered":"Programaci\u00f3n Cultural en La Guatina: Actividades Semanales que Transforman la Comunidad en La Buitrera"},"content":{"rendered":"\n<p class=\"wp-block-paragraph\">La Guatina, el coraz\u00f3n cultural de La Buitrera, presenta su programaci\u00f3n semanal del 31 de agosto al 5 de septiembre, una agenda vibrante que celebra el arte, el movimiento, la creatividad y la vida comunitaria. Este espacio, reconocido por su calidez y su compromiso con el territorio, invita a vecinos y visitantes a vivir una semana llena de experiencias que fortalecen el tejido social y la identidad local.<\/p>\n\n\n\n<h2 class=\"wp-block-heading\">\ud83c\udf08 Una semana para encontrarnos, crear y compartir<\/h2>\n\n\n\n<p class=\"wp-block-paragraph\">Entre monta\u00f1as, caminos tradicionales y el abrazo de la comunidad, La Guatina contin\u00faa consolid\u00e1ndose como un lugar donde cada persona puede aprender, expresarse y sentirse parte de algo m\u00e1s grande. Las actividades de esta semana han sido dise\u00f1adas para todas las edades y gustos, manteniendo el sello caracter\u00edstico del centro: acogida, cercan\u00eda y cultura viva.<\/p>\n\n\n\n<h2 class=\"wp-block-heading\">\ud83d\uddd3\ufe0f Programaci\u00f3n Semanal \u2013 Semana 31<\/h2>\n\n\n\n<p class=\"wp-block-paragraph\">Del lunes 31 de agosto al s\u00e1bado 5 de septiembre<br>\ud83c\udfa8 Lunes 31 \u2013 Dibujo Guaticomix<br>\ud83d\udd58 9:30 AM \u2013 12:30 M<br>\ud83d\udc65 Facilitadores: Jose y Fernando<br>Un espacio para explorar la creatividad desde el dibujo y la identidad barrial.<\/p>\n\n\n\n<p class=\"wp-block-paragraph\">\ud83e\udd4b\ud83d\udd2e Martes 1 \u2013 Movimiento y Saberes Ancestrales<br>\ud83d\udd63 8:30 AM \u2013 9:30 AM | Defensa Personal<br>\ud83d\udc64 Instructor: Johan Hurtado<\/p>\n\n\n\n<p class=\"wp-block-paragraph\">\ud83d\udd59 10:00 AM \u2013 12:00 M | Conocimiento Maya<br>\ud83d\udc64 Facilitador: Carlos Guerrero<\/p>\n\n\n\n<p class=\"wp-block-paragraph\">Una ma\u00f1ana para fortalecer el cuerpo, la mente y la conexi\u00f3n con saberes ancestrales.<\/p>\n\n\n\n<p class=\"wp-block-paragraph\">\ud83c\udf19 Mi\u00e9rcoles 2 \u2013 Defensa Personal (Jornada Nocturna)<br>\ud83d\udd55 6:00 PM \u2013 8:00 PM<br>\ud83d\udc64 Instructor: Johan Hurtado<br>Ideal para quienes buscan seguridad, confianza y movimiento consciente al final del d\u00eda.<\/p>\n\n\n\n<p class=\"wp-block-paragraph\">\ud83d\udcda\u2615 Jueves 3 \u2013 Tarea, Defensa y Caf\u00e9 Comunitario<br>\ud83d\udd5d 2:30 PM \u2013 5:00 PM | El Club de la Tarea<br>\ud83d\udc64 Facilitadora: Mar\u00eda Franco<\/p>\n\n\n\n<p class=\"wp-block-paragraph\">\ud83d\udd55 6:00 PM \u2013 8:00 PM | Defensa Personal<br>\ud83d\udc64 Instructor: Johan Hurtado<\/p>\n\n\n\n<p class=\"wp-block-paragraph\">\ud83d\udd53 4:00 PM \u2013 8:00 PM | Caf\u00e9 La Guatina<br>Un espacio c\u00e1lido para conversar, crear y disfrutar del territorio.<\/p>\n\n\n\n<p class=\"wp-block-paragraph\">\ud83c\udfad Viernes 4 \u2013 Arte y Caf\u00e9<br>\ud83d\udd5e 3:30 PM \u2013 5:00 PM | Papel Mach\u00e9 y Modelado en Arcilla<br>\ud83d\udc65 Facilitadores: Luna y Fercho<\/p>\n\n\n\n<p class=\"wp-block-paragraph\">\ud83d\udd53 4:00 PM \u2013 8:00 PM | Caf\u00e9 La Guatina<br>Una tarde para moldear, imaginar y compartir.<\/p>\n\n\n\n<p class=\"wp-block-paragraph\">\ud83c\udf05 S\u00e1bado 5 \u2013 Bienestar y Comunidad<br>\ud83d\udd58 9:00 AM \u2013 10:30 AM | Yoga<br>\ud83d\udc64 Facilitador: Juancho Mu\u00f1oz<\/p>\n\n\n\n<p class=\"wp-block-paragraph\">\ud83d\udd65 10:30 AM \u2013 12:30 PM | Defensa Personal<\/p>\n\n\n\n<p class=\"wp-block-paragraph\">\ud83d\udd53 4:00 PM \u2013 8:00 PM | Caf\u00e9 La Guatina<br>Un cierre perfecto para la semana: movimiento, equilibrio y encuentro.<\/p>\n\n\n\n<p class=\"wp-block-paragraph\">\ud83c\udfb6 Clases de M\u00fasica Personalizadas (Todos los d\u00edas)<br>Con: Miguel Vallejo<br>Para quienes desean aprender, perfeccionar o explorar su talento musical.<\/p>\n\n\n\n<h2 class=\"wp-block-heading\">\ud83c\udf1f La Guatina: Cultura que abraza y transforma<\/h2>\n\n\n\n<p class=\"wp-block-paragraph\">La Guatina no es solo un centro cultural: es un hogar comunitario donde el arte, la educaci\u00f3n y la convivencia se encuentran. Cada actividad est\u00e1 pensada para fortalecer la identidad de La Buitrera, promover el bienestar y abrir caminos de expresi\u00f3n para ni\u00f1os, j\u00f3venes y adultos.<\/p>\n\n\n\n<p class=\"wp-block-paragraph\">Este comunicado invita a medios, organizaciones y visitantes a difundir y participar en esta agenda que refleja el esp\u00edritu vivo de la comunidad.<\/p>\n\n\n\n<h2 class=\"wp-block-heading\">\ud83d\udc9b La invitaci\u00f3n est\u00e1 abierta<\/h2>\n\n\n\n<p class=\"wp-block-paragraph\">La Guatina te espera con puertas abiertas, caf\u00e9 caliente, talleres llenos de vida y el abrazo de la comunidad.<br>La cultura est\u00e1 viva en La Buitrera\u2026 y t\u00fa eres parte de ella.<\/p>\n\n\n\n<p class=\"wp-block-paragraph\"><\/p>\n","protected":false},"excerpt":{"rendered":"<p>La Guatina, el coraz\u00f3n cultural de La Buitrera, presenta su programaci\u00f3n semanal del 31 de agosto al 5 de septiembre, una agenda vibrante que celebra el arte, el movimiento, la creatividad y la vida comunitaria. Este espacio, reconocido por su calidez y su compromiso con el territorio, invita a vecinos y visitantes a vivir una [&hellip;]<\/p>\n","protected":false},"author":1,"featured_media":23477,"comment_status":"open","ping_status":"open","sticky":false,"template":"","format":"standard","meta":{"_monsterinsights_skip_tracking":false,"_joinchat":[],"footnotes":""},"categories":[623],"tags":[],"class_list":["post-23476","post","type-post","status-publish","format-standard","has-post-thumbnail","hentry","category-programa-de-la-semana"],"_links":{"self":[{"href":"https:\/\/lacasadelguatin.co\/index.php\/wp-json\/wp\/v2\/posts\/23476","targetHints":{"allow":["GET"]}}],"collection":[{"href":"https:\/\/lacasadelguatin.co\/index.php\/wp-json\/wp\/v2\/posts"}],"about":[{"href":"https:\/\/lacasadelguatin.co\/index.php\/wp-json\/wp\/v2\/types\/post"}],"author":[{"embeddable":true,"href":"https:\/\/lacasadelguatin.co\/index.php\/wp-json\/wp\/v2\/users\/1"}],"replies":[{"embeddable":true,"href":"https:\/\/lacasadelguatin.co\/index.php\/wp-json\/wp\/v2\/comments?post=23476"}],"version-history":[{"count":0,"href":"https:\/\/lacasadelguatin.co\/index.php\/wp-json\/wp\/v2\/posts\/23476\/revisions"}],"wp:featuredmedia":[{"embeddable":true,"href":"https:\/\/lacasadelguatin.co\/index.php\/wp-json\/wp\/v2\/media\/23477"}],"wp:attachment":[{"href":"https:\/\/lacasadelguatin.co\/index.php\/wp-json\/wp\/v2\/media?parent=23476"}],"wp:term":[{"taxonomy":"category","embeddable":true,"href":"https:\/\/lacasadelguatin.co\/index.php\/wp-json\/wp\/v2\/categories?post=23476"},{"taxonomy":"post_tag","embeddable":true,"href":"https:\/\/lacasadelguatin.co\/index.php\/wp-json\/wp\/v2\/tags?post=23476"}],"curies":[{"name":"wp","href":"https:\/\/api.w.org\/{rel}","templated":true}]}}