{"id":22296,"date":"2026-03-13T13:07:22","date_gmt":"2026-03-13T13:07:22","guid":{"rendered":"https:\/\/lacasadelguatin.co\/?p=22296"},"modified":"2026-03-13T13:13:49","modified_gmt":"2026-03-13T13:13:49","slug":"cartelera-de-gala-en-cine-club-la-guatina-la-agudeza-como-espejo-nacional-este-viernes-13-de-marzo","status":"publish","type":"post","link":"https:\/\/lacasadelguatin.co\/index.php\/2026\/03\/13\/cartelera-de-gala-en-cine-club-la-guatina-la-agudeza-como-espejo-nacional-este-viernes-13-de-marzo\/","title":{"rendered":"Cartelera de Gala en Cine Club La Guatina: La Agudeza como Espejo Nacional, este viernes 13 de marzo."},"content":{"rendered":"\n<p>La Guatina Centro Cultural se complace en abrir las puertas de su Cine-Club para una sesi\u00f3n de culto dedicada a la figura m\u00e1s disruptiva de la comunicaci\u00f3n en Colombia.<\/p>\n\n\n\n<blockquote class=\"wp-block-quote is-layout-flow wp-block-quote-is-layout-flow\">\n<p>\u00abLo mejor de Jaime Garz\u00f3n\u00bb: La est\u00e9tica de la irreverencia<\/p>\n<\/blockquote>\n\n\n\n<p>Este viernes 13 de marzo, nos sumergiremos en una pieza documental antol\u00f3gica que recopila la polifon\u00eda de personajes de Garz\u00f3n. M\u00e1s que un imitador, Jaime fue un analista pol\u00edtico de performance; un hombre que utiliz\u00f3 el humor como la herramienta de disecci\u00f3n m\u00e1s precisa para entender nuestra realidad.<\/p>\n\n\n\n<p>Acomp\u00e1\u00f1anos a redescubrir la vigencia de su pensamiento a trav\u00e9s de:<br>\u2022 La s\u00e1tira pol\u00edtica: Un ejercicio de catarsis colectiva.<br>\u2022 El arte del \u00abMamagallismo\u00bb: Elevado aqu\u00ed a la categor\u00eda de an\u00e1lisis sociol\u00f3gico.<br>\u2022 La herencia de un creativo: El hombre que, tras la m\u00e1scara de sus personajes, nos oblig\u00f3 a mirarnos de frente.<\/p>\n\n\n\n<blockquote class=\"wp-block-quote is-layout-flow wp-block-quote-is-layout-flow\">\n<p class=\"has-text-align-center\">\u00abRe\u00edr en comunidad no solo es un acto de esparcimiento; es un ejercicio de resistencia y elevaci\u00f3n energ\u00e9tica.\u00bb<\/p>\n\n\n\n<p>Cita con la memoria: Vengan acompa\u00f1ados. La risa compartida es el mejor tributo a un legado que sigue vivo.<br>\ud83d\udcc5 D\u00eda: Viernes 13 de marzo. \/ 7:00 PM.<br>Afiliados GRATIS | No Afiliados $5.000<\/p>\n<\/blockquote>\n","protected":false},"excerpt":{"rendered":"<p>La Guatina Centro Cultural se complace en abrir las puertas de su Cine-Club para una sesi\u00f3n de culto dedicada a la figura m\u00e1s disruptiva de la comunicaci\u00f3n en Colombia. \u00abLo mejor de Jaime Garz\u00f3n\u00bb: La est\u00e9tica de la irreverencia Este viernes 13 de marzo, nos sumergiremos en una pieza documental antol\u00f3gica que recopila la polifon\u00eda [&hellip;]<\/p>\n","protected":false},"author":1,"featured_media":22297,"comment_status":"open","ping_status":"open","sticky":false,"template":"","format":"standard","meta":{"_monsterinsights_skip_tracking":false,"_monsterinsights_sitenote_active":false,"_monsterinsights_sitenote_note":"","_monsterinsights_sitenote_category":0,"_joinchat":[],"footnotes":""},"categories":[539],"tags":[],"class_list":["post-22296","post","type-post","status-publish","format-standard","has-post-thumbnail","hentry","category-2026clg-03-09al15"],"aioseo_notices":[],"_links":{"self":[{"href":"https:\/\/lacasadelguatin.co\/index.php\/wp-json\/wp\/v2\/posts\/22296","targetHints":{"allow":["GET"]}}],"collection":[{"href":"https:\/\/lacasadelguatin.co\/index.php\/wp-json\/wp\/v2\/posts"}],"about":[{"href":"https:\/\/lacasadelguatin.co\/index.php\/wp-json\/wp\/v2\/types\/post"}],"author":[{"embeddable":true,"href":"https:\/\/lacasadelguatin.co\/index.php\/wp-json\/wp\/v2\/users\/1"}],"replies":[{"embeddable":true,"href":"https:\/\/lacasadelguatin.co\/index.php\/wp-json\/wp\/v2\/comments?post=22296"}],"version-history":[{"count":3,"href":"https:\/\/lacasadelguatin.co\/index.php\/wp-json\/wp\/v2\/posts\/22296\/revisions"}],"predecessor-version":[{"id":22302,"href":"https:\/\/lacasadelguatin.co\/index.php\/wp-json\/wp\/v2\/posts\/22296\/revisions\/22302"}],"wp:featuredmedia":[{"embeddable":true,"href":"https:\/\/lacasadelguatin.co\/index.php\/wp-json\/wp\/v2\/media\/22297"}],"wp:attachment":[{"href":"https:\/\/lacasadelguatin.co\/index.php\/wp-json\/wp\/v2\/media?parent=22296"}],"wp:term":[{"taxonomy":"category","embeddable":true,"href":"https:\/\/lacasadelguatin.co\/index.php\/wp-json\/wp\/v2\/categories?post=22296"},{"taxonomy":"post_tag","embeddable":true,"href":"https:\/\/lacasadelguatin.co\/index.php\/wp-json\/wp\/v2\/tags?post=22296"}],"curies":[{"name":"wp","href":"https:\/\/api.w.org\/{rel}","templated":true}]}}