{"id":21594,"date":"2026-01-19T23:13:00","date_gmt":"2026-01-19T23:13:00","guid":{"rendered":"https:\/\/lacasadelguatin.co\/?p=21594"},"modified":"2026-02-09T15:33:56","modified_gmt":"2026-02-09T15:33:56","slug":"convocatoria-jal-buitrera-sesion-ordinaria-no-02-este-martes-20-de-enero-de-2026","status":"publish","type":"post","link":"https:\/\/lacasadelguatin.co\/index.php\/2026\/01\/19\/convocatoria-jal-buitrera-sesion-ordinaria-no-02-este-martes-20-de-enero-de-2026\/","title":{"rendered":"Convocatoria JAL BUITRERA Sesi\u00f3n Ordinaria No.02, este martes 20 de enero de 2026"},"content":{"rendered":"\n<p>Para los interesados en la institucionalidad del corregimiento, La Casa del Guat\u00edn recibi\u00f3 en las recientes horas la convocatoria de la JAL La Buitrera para su sesi\u00f3n ordinaria #02 que se llevar\u00e1 a cabo a partir de las 6:00 PM este martes 20 de enero de 2026.<\/p>\n\n\n\n<p>Como medio informativo resaltamos el hecho de que esta convocatoria no haya sido difundida ampliamente teniendo en la cuenta que se trata de un acto p\u00fablico tal como las sesiones del Consejo Municipal y otros \u00f3rganos administrativos y de gobierno, seg\u00fan establece la norma. En el mismo sentido sorprende observar que firma esta convocatoria el nuevo presidente de la JAL, nombramiento que no conocimos, o no fue comunicado a la opini\u00f3n p\u00fablica de la regi\u00f3n.<\/p>\n\n\n\n<p>Desde esta tribuna de opini\u00f3n invitamos respetuosamente a la JAL BUITRERA a que sus actos puedan ser ampliamente difundidos a los interesados; ponemos a su disposici\u00f3n nuestros medios sociales como parte de las opciones para comunicarse con la comunidad buitrere\u00f1a en cumplimiento de sus funciones y de cara a la transparencia en beneficio de la regi\u00f3n.<\/p>\n\n\n<a href=\"https:\/\/lacasadelguatin.co\/wp-content\/uploads\/2026\/01\/P26-014-GUATIN-convocatoria-JAL-martes-20-18h00-enero-19.pdf\" class=\"pdfemb-viewer\" style=\"\" data-width=\"max\" data-height=\"max\" data-toolbar=\"bottom\" data-toolbar-fixed=\"off\">P26-014-GUATIN-convocatoria-JAL-martes-20-18h00-enero-19<\/a>","protected":false},"excerpt":{"rendered":"<p>Para los interesados en la institucionalidad del corregimiento, La Casa del Guat\u00edn recibi\u00f3 en las recientes horas la convocatoria de la JAL La Buitrera para su sesi\u00f3n ordinaria #02 que se llevar\u00e1 a cabo a partir de las 6:00 PM este martes 20 de enero de 2026. Como medio informativo resaltamos el hecho de que [&hellip;]<\/p>\n","protected":false},"author":1,"featured_media":18291,"comment_status":"open","ping_status":"open","sticky":false,"template":"","format":"standard","meta":{"_monsterinsights_skip_tracking":false,"_monsterinsights_sitenote_active":false,"_monsterinsights_sitenote_note":"","_monsterinsights_sitenote_category":0,"_joinchat":[],"footnotes":""},"categories":[520],"tags":[],"class_list":["post-21594","post","type-post","status-publish","format-standard","has-post-thumbnail","hentry","category-2026nlb-01-02-02al08"],"aioseo_notices":[],"_links":{"self":[{"href":"https:\/\/lacasadelguatin.co\/index.php\/wp-json\/wp\/v2\/posts\/21594","targetHints":{"allow":["GET"]}}],"collection":[{"href":"https:\/\/lacasadelguatin.co\/index.php\/wp-json\/wp\/v2\/posts"}],"about":[{"href":"https:\/\/lacasadelguatin.co\/index.php\/wp-json\/wp\/v2\/types\/post"}],"author":[{"embeddable":true,"href":"https:\/\/lacasadelguatin.co\/index.php\/wp-json\/wp\/v2\/users\/1"}],"replies":[{"embeddable":true,"href":"https:\/\/lacasadelguatin.co\/index.php\/wp-json\/wp\/v2\/comments?post=21594"}],"version-history":[{"count":4,"href":"https:\/\/lacasadelguatin.co\/index.php\/wp-json\/wp\/v2\/posts\/21594\/revisions"}],"predecessor-version":[{"id":21607,"href":"https:\/\/lacasadelguatin.co\/index.php\/wp-json\/wp\/v2\/posts\/21594\/revisions\/21607"}],"wp:featuredmedia":[{"embeddable":true,"href":"https:\/\/lacasadelguatin.co\/index.php\/wp-json\/wp\/v2\/media\/18291"}],"wp:attachment":[{"href":"https:\/\/lacasadelguatin.co\/index.php\/wp-json\/wp\/v2\/media?parent=21594"}],"wp:term":[{"taxonomy":"category","embeddable":true,"href":"https:\/\/lacasadelguatin.co\/index.php\/wp-json\/wp\/v2\/categories?post=21594"},{"taxonomy":"post_tag","embeddable":true,"href":"https:\/\/lacasadelguatin.co\/index.php\/wp-json\/wp\/v2\/tags?post=21594"}],"curies":[{"name":"wp","href":"https:\/\/api.w.org\/{rel}","templated":true}]}}