{"id":20075,"date":"2025-05-29T20:40:33","date_gmt":"2025-05-29T20:40:33","guid":{"rendered":"https:\/\/lacasadelguatin.co\/?p=20075"},"modified":"2025-12-15T21:12:14","modified_gmt":"2025-12-15T21:12:14","slug":"importante-comunicado-de-ediles-de-la-junta-administradora-local-de-la-buitrera","status":"publish","type":"post","link":"https:\/\/lacasadelguatin.co\/index.php\/2025\/05\/29\/importante-comunicado-de-ediles-de-la-junta-administradora-local-de-la-buitrera\/","title":{"rendered":"Importante comunicado de ediles de la Junta administradora Local de La Buitrera"},"content":{"rendered":"\n<h2 class=\"wp-block-heading\">COMUNICADO<\/h2>\n\n\n\n<p><strong>\u00bfDemocracia a medias\u2026 o a conveniencia?<\/strong><\/p>\n\n\n\n<p><strong>Cr\u00f3nica de lo que pasa en la JAL del Corregimiento La Buitrera.<\/strong><\/p>\n\n\n\n<p>Desde un grupo de ediles comprometidos con la transparencia, la participaci\u00f3n ciudadana y el respeto por las formas democr\u00e1ticas, queremos compartir con la comunidad una joya del ejercicio p\u00fablico\u2026 Pero en su versi\u00f3n m\u00e1s selectiva, autoritaria y conveniente.<\/p>\n\n\n\n<p>La democracia, esa palabra que habla de pluralidad, di\u00e1logo y respeto, parece estar en v\u00eda de extinci\u00f3n en la Junta Administradora Local del corregimiento La Buitrera. Aqu\u00ed, al parecer, solo cuenta una voz: la del se\u00f1or Oscar Rodr\u00edguez L\u00f3pez su presidente, quien habita en el sector de Cantaclaro. S\u00ed, ese mismo que deber\u00eda representar a todos, pero que act\u00faa como si tuviera propiedad privada sobre la corporaci\u00f3n.<\/p>\n\n\n\n<p>Decide cu\u00e1ndo se hacen las reuniones incluso si sabe que varios ediles no pueden asistir y d\u00f3nde, aunque eso implique hacerlas fuera del corregimiento en plena Comuna 18, como si el territorio rural ya no mereciera ni ser el escenario de sus propias decisiones. Pero lo m\u00e1s preocupante es otra pr\u00e1ctica cada vez m\u00e1s com\u00fan: disfrazar reuniones administrativas como si fueran sesiones oficiales de la JAL.<\/p>\n\n\n\n<p>S\u00ed, como lo leen: se convocan reuniones, se omite el procedimiento legal para sesiones ordinarias o extraordinarias, y luego se presentan las decisiones tomadas en esos espacios como si tuvieran validez institucional. Aqu\u00ed lo importante es decidir r\u00e1pido y sin estorbo.<\/p>\n\n\n\n<p>Tambi\u00e9n decide, sin concertar con nadie, retirar la remuneraci\u00f3n de algunos ediles, como si eso no implicara derechos adquiridos ni necesitara justificaci\u00f3n. Y para evitarse la molestia de dialogar o rendir cuentas, se retir\u00f3 del grupo de WhatsApp de la JAL, como quien huye de la discusi\u00f3n porque no quiere testigos.<\/p>\n\n\n\n<p>Frente a esta situaci\u00f3n, algunos ediles hemos levantado la voz\u2026 y decimos con claridad: as\u00ed no es. As\u00ed no se gobierna.<br>Esta actitud autoritaria, verticalista y personalista no solo traiciona el esp\u00edritu de una corporaci\u00f3n plural, sino que vulnera los principios b\u00e1sicos de la participaci\u00f3n ciudadana. Se gobierna ignorando deliberadamente las opiniones diferentes y desacuerdos leg\u00edtimos, usando el poder como escudo para blindar la arbitrariedad y justificar la imposici\u00f3n. Y todo eso, claro, bajo la elegante bandera de la \u201cinstitucionalidad\u201d.<\/p>\n\n\n\n<p>Un presidente de una JAL que, se supone, debe representar los intereses de toda la comunidad, no puede actuar a espaldas de ella ni tomar decisiones sin concertaci\u00f3n. Quien impone su voluntad por encima del di\u00e1logo y la participaci\u00f3n, no representa al territorio: se representa \u00fanicamente a s\u00ed mismo.<\/p>\n\n\n\n<p>\u00a1Nos vemos pronto!<br>Seguiremos informando.<br>Atentamente,<br>Mar\u00eda Fernanda Franco<br>Millerladiz Moncada Murillo Carlos Manuel Poveda<br>Jos\u00e9 Arnaldo Rodr\u00edguez &#8211; TATO<br>Ediles en defensa de la democracia local y el respeto por la comunidad. Corregimiento la Buitrera Cali<\/p>\n\n\n\n<p><a href=\"http:\/\/lacasadelguatin.co\/wp-content\/uploads\/2025\/05\/Democracia-a-medias-en-la-Buitrera-Publicacion-Guatin-24052025.pdf\" title=\"\">La Casa del Guat\u00edn adjunta el PDF del comunicado. Para verlo o descargarlo, hacer clic aqu\u00ed:<\/a><\/p>\n\n\n\n<div data-wp-interactive=\"core\/file\" class=\"wp-block-file\"><object data-wp-bind--hidden=\"!state.hasPdfPreview\" hidden class=\"wp-block-file__embed\" data=\"https:\/\/lacasadelguatin.co\/wp-content\/uploads\/2025\/05\/Democracia-a-medias-en-la-Buitrera-Publicacion-Guatin-24052025.pdf\" type=\"application\/pdf\" style=\"width:100%;height:600px\" aria-label=\"Incrustado de Democracia a medias en la Buitrera - Publicaci\u00f3n Guatin 24052025.\"><\/object><a id=\"wp-block-file--media-6e09576c-1d99-4b87-b7d5-500e1ab04aa6\" href=\"https:\/\/lacasadelguatin.co\/wp-content\/uploads\/2025\/05\/Democracia-a-medias-en-la-Buitrera-Publicacion-Guatin-24052025.pdf\">Democracia a medias en la Buitrera &#8211; Publicaci\u00f3n Guatin 24052025<\/a><a href=\"https:\/\/lacasadelguatin.co\/wp-content\/uploads\/2025\/05\/Democracia-a-medias-en-la-Buitrera-Publicacion-Guatin-24052025.pdf\" class=\"wp-block-file__button wp-element-button\" download aria-describedby=\"wp-block-file--media-6e09576c-1d99-4b87-b7d5-500e1ab04aa6\">Descarga<\/a><\/div>\n","protected":false},"excerpt":{"rendered":"<p>COMUNICADO \u00bfDemocracia a medias\u2026 o a conveniencia? Cr\u00f3nica de lo que pasa en la JAL del Corregimiento La Buitrera. Desde un grupo de ediles comprometidos con la transparencia, la participaci\u00f3n ciudadana y el respeto por las formas democr\u00e1ticas, queremos compartir con la comunidad una joya del ejercicio p\u00fablico\u2026 Pero en su versi\u00f3n m\u00e1s selectiva, autoritaria [&hellip;]<\/p>\n","protected":false},"author":1,"featured_media":20076,"comment_status":"open","ping_status":"open","sticky":false,"template":"","format":"standard","meta":{"_monsterinsights_skip_tracking":false,"_monsterinsights_sitenote_active":false,"_monsterinsights_sitenote_note":"","_monsterinsights_sitenote_category":0,"_joinchat":[],"footnotes":""},"categories":[511],"tags":[],"class_list":["post-20075","post","type-post","status-publish","format-standard","has-post-thumbnail","hentry","category-2025-grupo-1"],"aioseo_notices":[],"_links":{"self":[{"href":"https:\/\/lacasadelguatin.co\/index.php\/wp-json\/wp\/v2\/posts\/20075","targetHints":{"allow":["GET"]}}],"collection":[{"href":"https:\/\/lacasadelguatin.co\/index.php\/wp-json\/wp\/v2\/posts"}],"about":[{"href":"https:\/\/lacasadelguatin.co\/index.php\/wp-json\/wp\/v2\/types\/post"}],"author":[{"embeddable":true,"href":"https:\/\/lacasadelguatin.co\/index.php\/wp-json\/wp\/v2\/users\/1"}],"replies":[{"embeddable":true,"href":"https:\/\/lacasadelguatin.co\/index.php\/wp-json\/wp\/v2\/comments?post=20075"}],"version-history":[{"count":2,"href":"https:\/\/lacasadelguatin.co\/index.php\/wp-json\/wp\/v2\/posts\/20075\/revisions"}],"predecessor-version":[{"id":20079,"href":"https:\/\/lacasadelguatin.co\/index.php\/wp-json\/wp\/v2\/posts\/20075\/revisions\/20079"}],"wp:featuredmedia":[{"embeddable":true,"href":"https:\/\/lacasadelguatin.co\/index.php\/wp-json\/wp\/v2\/media\/20076"}],"wp:attachment":[{"href":"https:\/\/lacasadelguatin.co\/index.php\/wp-json\/wp\/v2\/media?parent=20075"}],"wp:term":[{"taxonomy":"category","embeddable":true,"href":"https:\/\/lacasadelguatin.co\/index.php\/wp-json\/wp\/v2\/categories?post=20075"},{"taxonomy":"post_tag","embeddable":true,"href":"https:\/\/lacasadelguatin.co\/index.php\/wp-json\/wp\/v2\/tags?post=20075"}],"curies":[{"name":"wp","href":"https:\/\/api.w.org\/{rel}","templated":true}]}}