{"id":1976,"date":"2021-10-21T04:01:03","date_gmt":"2021-10-21T04:01:03","guid":{"rendered":"https:\/\/lacasadelguatin.co\/?p=1976"},"modified":"2021-10-21T15:49:11","modified_gmt":"2021-10-21T15:49:11","slug":"noticias-de-nuestra-empresa-comunitaria-acuabuitrera","status":"publish","type":"post","link":"https:\/\/lacasadelguatin.co\/index.php\/2021\/10\/21\/noticias-de-nuestra-empresa-comunitaria-acuabuitrera\/","title":{"rendered":"Noticias de nuestra empresa comunitaria Acuabuitrera"},"content":{"rendered":"\t\t<div data-elementor-type=\"wp-post\" data-elementor-id=\"1976\" class=\"elementor elementor-1976\" data-elementor-post-type=\"post\">\n\t\t\t\t\t\t<section class=\"elementor-section elementor-top-section elementor-element elementor-element-4cfec2ec elementor-section-boxed elementor-section-height-default elementor-section-height-default\" data-id=\"4cfec2ec\" data-element_type=\"section\" data-e-type=\"section\">\n\t\t\t\t\t\t<div class=\"elementor-container elementor-column-gap-default\">\n\t\t\t\t\t<div class=\"elementor-column elementor-col-100 elementor-top-column elementor-element elementor-element-5b23e0df\" data-id=\"5b23e0df\" data-element_type=\"column\" data-e-type=\"column\">\n\t\t\t<div class=\"elementor-widget-wrap elementor-element-populated\">\n\t\t\t\t\t\t<div class=\"elementor-element elementor-element-75d677f0 elementor-widget elementor-widget-text-editor\" data-id=\"75d677f0\" data-element_type=\"widget\" data-e-type=\"widget\" data-widget_type=\"text-editor.default\">\n\t\t\t\t\t\t\t\t\t\n<p><strong>Dos asambleas generales (AG) en menos de 2 meses<\/strong><\/p>\n\n\n<p><strong>1.- AG del 22 de agosto<\/strong><\/p>\n<p>El pasado 22 de agosto, nuestros delegados comunitarios que hab\u00edan sido elegidos en las elecciones de Acuabuitrera de junio, se reunieron por primera vez para recibir de la junta directiva anterior (2019-2021), presidida por el Sr H\u00e9ctor An\u00edbal Acosta, un reporte de la situaci\u00f3n operativa, administrativa y financiera de ACUABUITRERA, y para elegir una nueva Junta para el per\u00edodo 2021-2023.<br \/>Podemos resaltar la calidad y el compromiso tanto de los delegados elegidos como de los candidatos a Junta, lo que es una bendici\u00f3n para nuestro corregimiento, pero tambi\u00e9n deplorar el n\u00famero limitado de candidatos a Junta, de tal modo que quien se presente a esta funci\u00f3n ingrata termina siendo elegido. En este caso, para 10 miembros de junta (7 principales y 3 suplentes) hab\u00eda 10 candidatos, dos de los cuales prefer\u00edan quedarse de suplentes, pues no ten\u00edan la disponibilidad de tiempo para asistir.<br \/>Elegidos como principales:<\/p>\n<p><!-- \/wp:list --><\/p>\n<p><!-- wp:list --><\/p>\n<ul>\n<li>Luis Fernando Saldarriaga (16 votos)<\/li>\n<li>Jaime Carabali (15 votos)<\/li>\n<li>Luz Marina Jaramillo (15 votos)<\/li>\n<li>Philippe Conil (13 votos)<\/li>\n<li>Federman Cardona (10 votos)<\/li>\n<li>\u00c1lvaro Ortiz (7 votos)<\/li>\n<li>Leonor Montes (4 votos)<br \/>Y como suplentes: Jolman Acosta, Luis Fernando P\u00e9rez y Julio Correa.<\/li>\n<\/ul>\n<p><!-- \/wp:list --><\/p>\n<p><!-- wp:paragraph --><\/p>\n<p>En esta AG del 22 de agosto, hubo un debate sobre un proyecto de incremento de tarifas propuesto por la junta (anterior), para estabilizar las finanzas de la empresa, darle capacidad de inversi\u00f3n y cumplir con la ley nacional (tarifas \u201cCRA\u201d (Comisi\u00f3n de Regularizaci\u00f3n del Agua)). Por ser un tema tan complejo y delicado, los delegados decidieron convocar a otra AG espec\u00edfica sobre el tema para socializar la propuesta.<\/p>\n<p><!-- \/wp:paragraph --><\/p>\n<p><!-- wp:list {\"ordered\":true,\"start\":2} --><\/p>\n<p><strong>2.- AG del 10 de octubre<\/strong><br \/>La AG concluy\u00f3 que:<\/p>\n<p><!-- \/wp:list --><\/p>\n<p><!-- wp:list --><\/p>\n<ul>\n<li>Tanque Vallejo (almacenamiento de 400 m3): Se conf\u00eda que el municipio (UAESPM) cumpla con la entrega para inicios del 2022<\/li>\n<li>Regularizaciones: Se vot\u00f3 por unanimidad el reinicio de este Programa que hab\u00eda sido interrumpido en enero 2021<\/li>\n<li>Tarifas \u201cCRA\u201d: Si bien un aumento de tarifa es necesario para poder seguir prestando el servicio de agua potable y mejorar el servicio, no hubo consenso si proceder por medio de tarifas \u201cCRA\u201d (del Gobierno nacional) o no; se deja la decisi\u00f3n en manos de la nueva junta directiva.<\/li>\n<\/ul>\n<p><strong>3.- Saneamiento<\/strong><br \/>Acuabuitrera present\u00f3 a CVC el mes pasado un PLAN (decenal) DE SANEAMIENTO Y MANEJO DE VERTIDOS (PSMV) redactado por una firma de Bogot\u00e1 (INALTER) contratada por la Municipio de Cali (UAESPM) que implica un compromiso sobre 10 a\u00f1os de Acuabuitrera y del Municipio para la ampliaci\u00f3n de alcantarillado sanitario y el mejoramiento de las dos PTAR (Plantas de Tratamiento de Aguas Residuales). Este reporte (PSMV) externo no tuvo el tiempo de ser le\u00eddo, analizado y consensuado en el seno de Acuabuitrera antes de su entrega a CVC. Su versi\u00f3n anterior hab\u00eda sido rechazada por la Comisi\u00f3n T\u00e9cnica a cargo (nombrada por la AG de Acuabuitrera de octubre 2020). Sabiendo que se trata de una posible inversi\u00f3n p\u00fablica (dinero de la Naci\u00f3n) de 6.000 millones de pesos para La Buitrera en los pr\u00f3ximos 10 a\u00f1os, la Comisi\u00f3n T\u00e9cnica analizar\u00e1 la nueva versi\u00f3n y elaborar\u00e1 posiblemente un Plan alterno, m\u00e1s ajustado a la realidad nuestra, condicionando la ampliaci\u00f3n del alcantarillado a la soluci\u00f3n del tratamiento de las aguas residuales, a saber: conectar el alcantarillado de La Buitrera con \u00e9l de EMCALI o construir PTARs nuevas, funcionales y sin olores; la Comisi\u00f3n T\u00e9cnica no considera procedente seguir tratando de mejorar las dos PTAR actuales que tienen vicios irremediables.<\/p>\t\t\t\t\t\t\t\t<\/div>\n\t\t\t\t\t<\/div>\n\t\t<\/div>\n\t\t\t\t\t<\/div>\n\t\t<\/section>\n\t\t\t\t<\/div>\n\t\t","protected":false},"excerpt":{"rendered":"<p>Dos asambleas generales (AG) en menos de 2 meses 1.- AG del 22 de agosto El pasado 22 de agosto, nuestros delegados comunitarios que hab\u00edan sido elegidos en las elecciones de Acuabuitrera de junio, se reunieron por primera vez para recibir de la junta directiva anterior (2019-2021), presidida por el Sr H\u00e9ctor An\u00edbal Acosta, un [&hellip;]<\/p>\n","protected":false},"author":9,"featured_media":1977,"comment_status":"open","ping_status":"open","sticky":false,"template":"","format":"standard","meta":{"_monsterinsights_skip_tracking":false,"_monsterinsights_sitenote_active":false,"_monsterinsights_sitenote_note":"","_monsterinsights_sitenote_category":0,"_joinchat":[],"footnotes":""},"categories":[4],"tags":[],"class_list":["post-1976","post","type-post","status-publish","format-standard","has-post-thumbnail","hentry","category-servicios-publicos"],"aioseo_notices":[],"_links":{"self":[{"href":"https:\/\/lacasadelguatin.co\/index.php\/wp-json\/wp\/v2\/posts\/1976","targetHints":{"allow":["GET"]}}],"collection":[{"href":"https:\/\/lacasadelguatin.co\/index.php\/wp-json\/wp\/v2\/posts"}],"about":[{"href":"https:\/\/lacasadelguatin.co\/index.php\/wp-json\/wp\/v2\/types\/post"}],"author":[{"embeddable":true,"href":"https:\/\/lacasadelguatin.co\/index.php\/wp-json\/wp\/v2\/users\/9"}],"replies":[{"embeddable":true,"href":"https:\/\/lacasadelguatin.co\/index.php\/wp-json\/wp\/v2\/comments?post=1976"}],"version-history":[{"count":14,"href":"https:\/\/lacasadelguatin.co\/index.php\/wp-json\/wp\/v2\/posts\/1976\/revisions"}],"predecessor-version":[{"id":2122,"href":"https:\/\/lacasadelguatin.co\/index.php\/wp-json\/wp\/v2\/posts\/1976\/revisions\/2122"}],"wp:featuredmedia":[{"embeddable":true,"href":"https:\/\/lacasadelguatin.co\/index.php\/wp-json\/wp\/v2\/media\/1977"}],"wp:attachment":[{"href":"https:\/\/lacasadelguatin.co\/index.php\/wp-json\/wp\/v2\/media?parent=1976"}],"wp:term":[{"taxonomy":"category","embeddable":true,"href":"https:\/\/lacasadelguatin.co\/index.php\/wp-json\/wp\/v2\/categories?post=1976"},{"taxonomy":"post_tag","embeddable":true,"href":"https:\/\/lacasadelguatin.co\/index.php\/wp-json\/wp\/v2\/tags?post=1976"}],"curies":[{"name":"wp","href":"https:\/\/api.w.org\/{rel}","templated":true}]}}