{"id":19206,"date":"2025-02-22T23:17:25","date_gmt":"2025-02-22T23:17:25","guid":{"rendered":"https:\/\/lacasadelguatin.co\/?p=19206"},"modified":"2025-02-22T23:32:24","modified_gmt":"2025-02-22T23:32:24","slug":"encuentro-de-los-fundadores-de-la-buitrera","status":"publish","type":"post","link":"https:\/\/lacasadelguatin.co\/index.php\/2025\/02\/22\/encuentro-de-los-fundadores-de-la-buitrera\/","title":{"rendered":"ENCUENTRO DE LOS FUNDADORES DE LA BUITRERA"},"content":{"rendered":"\t\t<div data-elementor-type=\"wp-post\" data-elementor-id=\"19206\" class=\"elementor elementor-19206\" data-elementor-post-type=\"post\">\n\t\t\t\t<div class=\"elementor-element elementor-element-8c54c1d e-flex e-con-boxed e-con e-parent\" data-id=\"8c54c1d\" data-element_type=\"container\" data-e-type=\"container\">\n\t\t\t\t\t<div class=\"e-con-inner\">\n\t\t<div class=\"elementor-element elementor-element-d4e627d e-con-full e-flex e-con e-child\" data-id=\"d4e627d\" data-element_type=\"container\" data-e-type=\"container\">\n\t\t\t\t<div class=\"elementor-element elementor-element-aff6060 elementor-widget elementor-widget-text-editor\" data-id=\"aff6060\" data-element_type=\"widget\" data-e-type=\"widget\" data-widget_type=\"text-editor.default\">\n\t\t\t\t\t\t\t\t\t<p>En noviembre pasado, LA CASA DEL GUAT\u00cdN reuni\u00f3 varios fundadores de La Buitrera a tertuliar en el Centro Cultural La Guatina en el PLAN. Mas que fundadores, eran los hijos de los Fundadores, los que nacieron en La Buitrera en los a\u00f1os 50 o pasaron en La Buitrera su ni\u00f1ez en los a\u00f1os 60 y su adolescencia en a\u00f1os 70.<\/p><p>La familia Posso (Portento-Girasoles) estaba casi por completo, incluyendo do\u00f1a Tina quien ha sido el primer beb\u00e9 nacido en La Buitrera (a\u00f1o 1951), unos pocos a\u00f1os despu\u00e9s de la Fundaci\u00f3n <br \/>de La Buitrera como Corregimiento de Cali (1948). Nos acompa\u00f1aron las familias Duque, Oliveros, y hasta Leonor Medina, nacida en 1959, cuya mam\u00e1 compr\u00f3 casa en el Plan en 1958, cuando el Municipio tuvo la buena idea de parcelar el Plan en predios de 7.000 m2.<\/p>\t\t\t\t\t\t\t\t<\/div>\n\t\t\t\t<\/div>\n\t\t<div class=\"elementor-element elementor-element-29ebf2e e-con-full e-flex e-con e-child\" data-id=\"29ebf2e\" data-element_type=\"container\" data-e-type=\"container\">\n\t\t\t\t<div class=\"elementor-element elementor-element-4c05fef elementor-widget elementor-widget-gallery\" data-id=\"4c05fef\" data-element_type=\"widget\" data-e-type=\"widget\" data-settings=\"{&quot;gallery_layout&quot;:&quot;masonry&quot;,&quot;columns&quot;:1,&quot;lazyload&quot;:&quot;yes&quot;,&quot;columns_tablet&quot;:2,&quot;columns_mobile&quot;:1,&quot;gap&quot;:{&quot;unit&quot;:&quot;px&quot;,&quot;size&quot;:10,&quot;sizes&quot;:[]},&quot;gap_tablet&quot;:{&quot;unit&quot;:&quot;px&quot;,&quot;size&quot;:10,&quot;sizes&quot;:[]},&quot;gap_mobile&quot;:{&quot;unit&quot;:&quot;px&quot;,&quot;size&quot;:10,&quot;sizes&quot;:[]},&quot;link_to&quot;:&quot;file&quot;,&quot;overlay_background&quot;:&quot;yes&quot;,&quot;content_hover_animation&quot;:&quot;fade-in&quot;}\" data-widget_type=\"gallery.default\">\n\t\t\t\t\t\t\t<div class=\"elementor-gallery__container\">\n\t\t\t\t\t\t\t<a class=\"e-gallery-item elementor-gallery-item elementor-animated-content\" href=\"https:\/\/lacasadelguatin.co\/wp-content\/uploads\/2025\/02\/250222-encuentro-de-fundadores.webp\" data-elementor-open-lightbox=\"yes\" data-elementor-lightbox-slideshow=\"4c05fef\" data-elementor-lightbox-title=\"250222 encuentro de fundadores\" data-e-action-hash=\"#elementor-action%3Aaction%3Dlightbox%26settings%3DeyJpZCI6MTkyMDgsInVybCI6Imh0dHBzOlwvXC9sYWNhc2FkZWxndWF0aW4uY29cL3dwLWNvbnRlbnRcL3VwbG9hZHNcLzIwMjVcLzAyXC8yNTAyMjItZW5jdWVudHJvLWRlLWZ1bmRhZG9yZXMud2VicCIsInNsaWRlc2hvdyI6IjRjMDVmZWYifQ%3D%3D\">\n\t\t\t\t\t<div class=\"e-gallery-image elementor-gallery-item__image\" data-thumbnail=\"https:\/\/lacasadelguatin.co\/wp-content\/uploads\/2025\/02\/250222-encuentro-de-fundadores.webp\" data-width=\"1417\" data-height=\"639\" aria-label=\"\" role=\"img\" ><\/div>\n\t\t\t\t\t\t\t\t\t\t\t<div class=\"elementor-gallery-item__overlay\"><\/div>\n\t\t\t\t\t\t\t\t\t\t\t\t\t\t<\/a>\n\t\t\t\t\t\t\t<a class=\"e-gallery-item elementor-gallery-item elementor-animated-content\" href=\"https:\/\/lacasadelguatin.co\/wp-content\/uploads\/2025\/02\/250222-encuentro-de-fundadores-2.webp\" data-elementor-open-lightbox=\"yes\" data-elementor-lightbox-slideshow=\"4c05fef\" data-elementor-lightbox-title=\"250222 encuentro de fundadores 2\" data-e-action-hash=\"#elementor-action%3Aaction%3Dlightbox%26settings%3DeyJpZCI6MTkyMTUsInVybCI6Imh0dHBzOlwvXC9sYWNhc2FkZWxndWF0aW4uY29cL3dwLWNvbnRlbnRcL3VwbG9hZHNcLzIwMjVcLzAyXC8yNTAyMjItZW5jdWVudHJvLWRlLWZ1bmRhZG9yZXMtMi53ZWJwIiwic2xpZGVzaG93IjoiNGMwNWZlZiJ9\">\n\t\t\t\t\t<div class=\"e-gallery-image elementor-gallery-item__image\" data-thumbnail=\"https:\/\/lacasadelguatin.co\/wp-content\/uploads\/2025\/02\/250222-encuentro-de-fundadores-2.webp\" data-width=\"1417\" data-height=\"638\" aria-label=\"\" role=\"img\" ><\/div>\n\t\t\t\t\t\t\t\t\t\t\t<div class=\"elementor-gallery-item__overlay\"><\/div>\n\t\t\t\t\t\t\t\t\t\t\t\t\t\t<\/a>\n\t\t\t\t\t\t\t<a class=\"e-gallery-item elementor-gallery-item elementor-animated-content\" href=\"https:\/\/lacasadelguatin.co\/wp-content\/uploads\/2025\/02\/250222-encuentro-de-fundadores-3.webp\" data-elementor-open-lightbox=\"yes\" data-elementor-lightbox-slideshow=\"4c05fef\" data-elementor-lightbox-title=\"250222 encuentro de fundadores 3\" data-e-action-hash=\"#elementor-action%3Aaction%3Dlightbox%26settings%3DeyJpZCI6MTkyMTYsInVybCI6Imh0dHBzOlwvXC9sYWNhc2FkZWxndWF0aW4uY29cL3dwLWNvbnRlbnRcL3VwbG9hZHNcLzIwMjVcLzAyXC8yNTAyMjItZW5jdWVudHJvLWRlLWZ1bmRhZG9yZXMtMy53ZWJwIiwic2xpZGVzaG93IjoiNGMwNWZlZiJ9\">\n\t\t\t\t\t<div class=\"e-gallery-image elementor-gallery-item__image\" data-thumbnail=\"https:\/\/lacasadelguatin.co\/wp-content\/uploads\/2025\/02\/250222-encuentro-de-fundadores-3.webp\" data-width=\"1417\" data-height=\"638\" aria-label=\"\" role=\"img\" ><\/div>\n\t\t\t\t\t\t\t\t\t\t\t<div class=\"elementor-gallery-item__overlay\"><\/div>\n\t\t\t\t\t\t\t\t\t\t\t\t\t\t<\/a>\n\t\t\t\t\t<\/div>\n\t\t\t\t\t<\/div>\n\t\t\t\t<div class=\"elementor-element elementor-element-a691b64 elementor-widget elementor-widget-video\" data-id=\"a691b64\" data-element_type=\"widget\" data-e-type=\"widget\" data-settings=\"{&quot;youtube_url&quot;:&quot;https:\\\/\\\/youtu.be\\\/5yD-WPp9JmU?si=BFqAcyVAgpqzilsO&quot;,&quot;video_type&quot;:&quot;youtube&quot;,&quot;controls&quot;:&quot;yes&quot;}\" data-widget_type=\"video.default\">\n\t\t\t\t\t\t\t<div class=\"elementor-wrapper elementor-open-inline\">\n\t\t\t<div class=\"elementor-video\"><\/div>\t\t<\/div>\n\t\t\t\t\t\t<\/div>\n\t\t\t\t<\/div>\n\t\t\t\t\t<\/div>\n\t\t\t\t<\/div>\n\t\t\t\t<\/div>\n\t\t","protected":false},"excerpt":{"rendered":"<p>En noviembre pasado, LA CASA DEL GUAT\u00cdN reuni\u00f3 varios fundadores de La Buitrera a tertuliar en el Centro Cultural La Guatina en el PLAN. Mas que fundadores, eran los hijos de los Fundadores, los que nacieron en La Buitrera en los a\u00f1os 50 o pasaron en La Buitrera su ni\u00f1ez en los a\u00f1os 60 y [&hellip;]<\/p>\n","protected":false},"author":37,"featured_media":19208,"comment_status":"open","ping_status":"open","sticky":false,"template":"","format":"standard","meta":{"_monsterinsights_skip_tracking":false,"_monsterinsights_sitenote_active":false,"_monsterinsights_sitenote_note":"","_monsterinsights_sitenote_category":0,"_joinchat":[],"footnotes":""},"categories":[454],"tags":[],"class_list":["post-19206","post","type-post","status-publish","format-standard","has-post-thumbnail","hentry","category-250222-encuentro-de-los-fundadores-de-la-buitrera"],"aioseo_notices":[],"_links":{"self":[{"href":"https:\/\/lacasadelguatin.co\/index.php\/wp-json\/wp\/v2\/posts\/19206","targetHints":{"allow":["GET"]}}],"collection":[{"href":"https:\/\/lacasadelguatin.co\/index.php\/wp-json\/wp\/v2\/posts"}],"about":[{"href":"https:\/\/lacasadelguatin.co\/index.php\/wp-json\/wp\/v2\/types\/post"}],"author":[{"embeddable":true,"href":"https:\/\/lacasadelguatin.co\/index.php\/wp-json\/wp\/v2\/users\/37"}],"replies":[{"embeddable":true,"href":"https:\/\/lacasadelguatin.co\/index.php\/wp-json\/wp\/v2\/comments?post=19206"}],"version-history":[{"count":10,"href":"https:\/\/lacasadelguatin.co\/index.php\/wp-json\/wp\/v2\/posts\/19206\/revisions"}],"predecessor-version":[{"id":19222,"href":"https:\/\/lacasadelguatin.co\/index.php\/wp-json\/wp\/v2\/posts\/19206\/revisions\/19222"}],"wp:featuredmedia":[{"embeddable":true,"href":"https:\/\/lacasadelguatin.co\/index.php\/wp-json\/wp\/v2\/media\/19208"}],"wp:attachment":[{"href":"https:\/\/lacasadelguatin.co\/index.php\/wp-json\/wp\/v2\/media?parent=19206"}],"wp:term":[{"taxonomy":"category","embeddable":true,"href":"https:\/\/lacasadelguatin.co\/index.php\/wp-json\/wp\/v2\/categories?post=19206"},{"taxonomy":"post_tag","embeddable":true,"href":"https:\/\/lacasadelguatin.co\/index.php\/wp-json\/wp\/v2\/tags?post=19206"}],"curies":[{"name":"wp","href":"https:\/\/api.w.org\/{rel}","templated":true}]}}