{"id":18408,"date":"2025-02-20T22:30:00","date_gmt":"2025-02-20T22:30:00","guid":{"rendered":"https:\/\/lacasadelguatin.co\/?p=18408"},"modified":"2025-02-21T16:43:54","modified_gmt":"2025-02-21T16:43:54","slug":"ejidos-en-peligro","status":"publish","type":"post","link":"https:\/\/lacasadelguatin.co\/index.php\/2025\/02\/20\/ejidos-en-peligro\/","title":{"rendered":"EJIDOS EN PELIGRO"},"content":{"rendered":"\t\t<div data-elementor-type=\"wp-post\" data-elementor-id=\"18408\" class=\"elementor elementor-18408\" data-elementor-post-type=\"post\">\n\t\t\t\t<div class=\"elementor-element elementor-element-fb9e56f e-flex e-con-boxed e-con e-parent\" data-id=\"fb9e56f\" data-element_type=\"container\" data-e-type=\"container\">\n\t\t\t\t\t<div class=\"e-con-inner\">\n\t\t\t\t<div class=\"elementor-element elementor-element-48c4dbbd elementor-widget elementor-widget-text-editor\" data-id=\"48c4dbbd\" data-element_type=\"widget\" data-e-type=\"widget\" data-widget_type=\"text-editor.default\">\n\t\t\t\t\t\t\t\t\t\n<p>Casi la mitad de la superficie de La Buitrera son \u201cejidos\u201d, a saber: terrenos de propiedad p\u00fablica, transferidos por la Naci\u00f3n al municipio de Cali a mediados del siglo pasado para su cuidado y para su uso como zona de protecci\u00f3n ambiental entre la ciudad y Los Farallones.<br \/>En el POT (Plan de Ordenamiento Territorial), la mayor parte de estos predios se cataloga como \u201creserva forestal\u201d.<\/p>\n\n<p>La Administraci\u00f3n municipal de Cali ha sido p\u00e9sima administradora de los predios de su propiedad, con tendencia a dejarlos incendiar, invadir y construir, en particular en estos \u00faltimos a\u00f1os.<\/p>\n\n<p>La JAC del ROSARIO ha organizado recientemente unas \u00abMingas\u00bb (sancochos comunitarios) en el predio de la torre de vigilancia de la CVC y de los bomberos, ubicado en el sitio \u201cAlto del Rosario\u201d, predio reclamado recientemente por privados. Su reacci\u00f3n es l\u00f3gica: Si se cae y privatiza la torre de vigilancia, se caer\u00e1, incendiar\u00e1 y privatizar\u00e1 toda la vereda del Rosario, terrenos ejidales en su mayor\u00eda.<\/p>\n\n<p>Mas all\u00e1 de la defensa de un predio espec\u00edfico, y de la pertinencia jur\u00eddica de este movimiento comunitario, preocupan las amenazas que algunos habitantes del Rosario han recibido por dicha iniciativa que, como vecinos, solo podemos aplaudir y agradecer.\u00a0<\/p>\n<p><img fetchpriority=\"high\" decoding=\"async\" class=\"alignright wp-image-18421 \" src=\"http:\/\/lacasadelguatin.co\/wp-content\/uploads\/2025\/02\/250221-ejidos-banco.webp\" alt=\"\" width=\"637\" height=\"217\" \/><\/p>\n<p>Ojal\u00e1 todas las JAC tuvieran este valor e inter\u00e9s por el bien com\u00fan.<\/p>\n\t\t\t\t\t\t\t\t<\/div>\n\t\t\t\t<div class=\"elementor-element elementor-element-5ed2d99 elementor-widget elementor-widget-text-editor\" data-id=\"5ed2d99\" data-element_type=\"widget\" data-e-type=\"widget\" data-widget_type=\"text-editor.default\">\n\t\t\t\t\t\t\t\t\t<p>Ver y descargar documento JAL:<\/p>\t\t\t\t\t\t\t\t<\/div>\n\t\t\t\t<div class=\"elementor-element elementor-element-a74c7ec elementor-icon-list--layout-traditional elementor-list-item-link-full_width elementor-widget elementor-widget-icon-list\" data-id=\"a74c7ec\" data-element_type=\"widget\" data-e-type=\"widget\" data-widget_type=\"icon-list.default\">\n\t\t\t\t\t\t\t<ul class=\"elementor-icon-list-items\">\n\t\t\t\t\t\t\t<li class=\"elementor-icon-list-item\">\n\t\t\t\t\t\t\t\t\t\t\t<a href=\"http:\/\/lacasadelguatin.co\/wp-content\/uploads\/2024\/09\/Comunicado-de-la-JAC-del-Rosario-Ejidos-Sept-9.pdf\">\n\n\t\t\t\t\t\t\t\t\t\t\t\t<span class=\"elementor-icon-list-icon\">\n\t\t\t\t\t\t\t<i aria-hidden=\"true\" class=\"fas fa-file-pdf\"><\/i>\t\t\t\t\t\t<\/span>\n\t\t\t\t\t\t\t\t\t\t<span class=\"elementor-icon-list-text\">COMUNICADO de la  JAC del Rosario<\/span>\n\t\t\t\t\t\t\t\t\t\t\t<\/a>\n\t\t\t\t\t\t\t\t\t<\/li>\n\t\t\t\t\t\t<\/ul>\n\t\t\t\t\t\t<\/div>\n\t\t\t\t<div class=\"elementor-element elementor-element-deade0a elementor-widget elementor-widget-video\" data-id=\"deade0a\" data-element_type=\"widget\" data-e-type=\"widget\" data-settings=\"{&quot;youtube_url&quot;:&quot;https:\\\/\\\/youtu.be\\\/GQP7JGD71MQ?si=HmS9JiwhxTPRrh4k&quot;,&quot;video_type&quot;:&quot;youtube&quot;,&quot;controls&quot;:&quot;yes&quot;}\" data-widget_type=\"video.default\">\n\t\t\t\t\t\t\t<div class=\"elementor-wrapper elementor-open-inline\">\n\t\t\t<div class=\"elementor-video\"><\/div>\t\t<\/div>\n\t\t\t\t\t\t<\/div>\n\t\t\t\t\t<\/div>\n\t\t\t\t<\/div>\n\t\t\t\t<\/div>\n\t\t","protected":false},"excerpt":{"rendered":"<p>Casi la mitad de la superficie de La Buitrera son \u201cejidos\u201d, a saber: terrenos de propiedad p\u00fablica, transferidos por la Naci\u00f3n al municipio de Cali a mediados del siglo pasado para su cuidado y para su uso como zona de protecci\u00f3n ambiental entre la ciudad y Los Farallones.En el POT (Plan de Ordenamiento Territorial), la [&hellip;]<\/p>\n","protected":false},"author":1,"featured_media":18419,"comment_status":"open","ping_status":"open","sticky":false,"template":"","format":"standard","meta":{"_monsterinsights_skip_tracking":false,"_monsterinsights_sitenote_active":false,"_monsterinsights_sitenote_note":"","_monsterinsights_sitenote_category":0,"_joinchat":[],"footnotes":""},"categories":[430],"tags":[],"class_list":["post-18408","post","type-post","status-publish","format-standard","has-post-thumbnail","hentry","category-250220-bloque-pagina-6"],"aioseo_notices":[],"_links":{"self":[{"href":"https:\/\/lacasadelguatin.co\/index.php\/wp-json\/wp\/v2\/posts\/18408","targetHints":{"allow":["GET"]}}],"collection":[{"href":"https:\/\/lacasadelguatin.co\/index.php\/wp-json\/wp\/v2\/posts"}],"about":[{"href":"https:\/\/lacasadelguatin.co\/index.php\/wp-json\/wp\/v2\/types\/post"}],"author":[{"embeddable":true,"href":"https:\/\/lacasadelguatin.co\/index.php\/wp-json\/wp\/v2\/users\/1"}],"replies":[{"embeddable":true,"href":"https:\/\/lacasadelguatin.co\/index.php\/wp-json\/wp\/v2\/comments?post=18408"}],"version-history":[{"count":13,"href":"https:\/\/lacasadelguatin.co\/index.php\/wp-json\/wp\/v2\/posts\/18408\/revisions"}],"predecessor-version":[{"id":18518,"href":"https:\/\/lacasadelguatin.co\/index.php\/wp-json\/wp\/v2\/posts\/18408\/revisions\/18518"}],"wp:featuredmedia":[{"embeddable":true,"href":"https:\/\/lacasadelguatin.co\/index.php\/wp-json\/wp\/v2\/media\/18419"}],"wp:attachment":[{"href":"https:\/\/lacasadelguatin.co\/index.php\/wp-json\/wp\/v2\/media?parent=18408"}],"wp:term":[{"taxonomy":"category","embeddable":true,"href":"https:\/\/lacasadelguatin.co\/index.php\/wp-json\/wp\/v2\/categories?post=18408"},{"taxonomy":"post_tag","embeddable":true,"href":"https:\/\/lacasadelguatin.co\/index.php\/wp-json\/wp\/v2\/tags?post=18408"}],"curies":[{"name":"wp","href":"https:\/\/api.w.org\/{rel}","templated":true}]}}