{"id":18381,"date":"2025-02-20T23:25:59","date_gmt":"2025-02-20T23:25:59","guid":{"rendered":"https:\/\/lacasadelguatin.co\/?p=18381"},"modified":"2025-02-21T15:42:09","modified_gmt":"2025-02-21T15:42:09","slug":"la-mesa-de-gobernanzalocal-de-la-buitrera","status":"publish","type":"post","link":"https:\/\/lacasadelguatin.co\/index.php\/2025\/02\/20\/la-mesa-de-gobernanzalocal-de-la-buitrera\/","title":{"rendered":"La MESA DE GOBERNANZALOCAL de La Buitrera"},"content":{"rendered":"\t\t<div data-elementor-type=\"wp-post\" data-elementor-id=\"18381\" class=\"elementor elementor-18381\" data-elementor-post-type=\"post\">\n\t\t\t\t<div class=\"elementor-element elementor-element-378c44ad e-flex e-con-boxed e-con e-parent\" data-id=\"378c44ad\" data-element_type=\"container\" data-e-type=\"container\">\n\t\t\t\t\t<div class=\"e-con-inner\">\n\t\t\t\t<div class=\"elementor-element elementor-element-59f23d8d elementor-widget elementor-widget-text-editor\" data-id=\"59f23d8d\" data-element_type=\"widget\" data-e-type=\"widget\" data-widget_type=\"text-editor.default\">\n\t\t\t\t\t\t\t\t\t\n<p>Esta MESA no hace parte de la \u201cinstitucionalidad\u201d (entes electos y entes administrativos definidos por la Constituci\u00f3n). Es una iniciativa de los habitantes para remediar a las (enormes) falencias de dicha institucionalidad en los corregimientos rurales. Agrupa a gran parte de las fuerzas vivas de La Buitrera (Juntas de Acci\u00f3n Comunal JAC, Comit\u00e9s, Asociaciones, Gremios, etc\u2026). Para tener voz y voto, una asociaci\u00f3n debe registrarse (mesa@mesabuitrera.org) y demostrar acci\u00f3n social en el territorio.<img decoding=\"async\" class=\"alignright wp-image-12515 \" src=\"http:\/\/lacasadelguatin.co\/wp-content\/uploads\/2024\/03\/mesa-buitrera-logo.jpg\" alt=\"\" width=\"162\" height=\"210\" srcset=\"https:\/\/lacasadelguatin.co\/wp-content\/uploads\/2024\/03\/mesa-buitrera-logo.jpg 989w, https:\/\/lacasadelguatin.co\/wp-content\/uploads\/2024\/03\/mesa-buitrera-logo-232x300.jpg 232w, https:\/\/lacasadelguatin.co\/wp-content\/uploads\/2024\/03\/mesa-buitrera-logo-791x1024.jpg 791w, https:\/\/lacasadelguatin.co\/wp-content\/uploads\/2024\/03\/mesa-buitrera-logo-768x994.jpg 768w\" sizes=\"(max-width: 162px) 100vw, 162px\" \/><\/p>\n<p>Esta \u201cMesa\u201d ha sido fundada en el 2022 por el edil Jhon Jaramillo (JAL 2021-2023) como una \u201cboya salvavida\u201d para La Buitrera frente a la inoperancia de la JAL (Junta Administradora Local) que si bien cuenta con varios ediles capaces, comprometidos y de buena voluntad, no tiene los medios para cambiar el curso de la degradaci\u00f3n del territorio y de su calidad de vida. La JAL adem\u00e1s representa un territorio artificial que, integralmente con La Buitrera, se extiende hasta la carrera 56 de Cali e incluye el Parque de Las Banderas, La Sirena, Bella Suiza y Alto N\u00e1poles, a saber, unos 55 mil habitantes.<\/p>\n<p>La MESA re\u00fane una docena de Comit\u00e9s, Fundaciones y Juntas (www.mesabuitrera.org), que agrupan a unos 300 o 400 vecinos din\u00e1micos y organizados que tienen como objetivo com\u00fan el bienestar de los habitantes de La Buitrera y una mejor organizaci\u00f3n de su territorio que en la actualidad carece de toda planeaci\u00f3n, ejecuci\u00f3n y seguimiento por parte de la Administraci\u00f3n municipal de Cali. Bien al contrario, las pocas inversiones del municipio de Cali se hacen en temas que no son prioritarios para los habitantes, con contratos claramente fruto de una corrupci\u00f3n institucionalizada y, m\u00e1s grave a\u00fan, que conllevan a la destrucci\u00f3n del medio ambiente y del bienestar nuestro.<\/p>\n<p>Si usted lidera una organizaci\u00f3n con labor social en La Buitrera (cultural, ambiental, deportiva, de j\u00f3venes, de tercera edad, de servicios p\u00fablicos, de apoyo a ni\u00f1os, etc.) de m\u00e1s de 10 personas y con varios a\u00f1os de compromiso comunitario, no dude en registrar su organizaci\u00f3n en la MESA DE GOBERNANZA LOCAL para participar a mayor escala en el desarrollo de su corregimiento, en un ambiente abierto y amigable entre vecinos comprometidos.<\/p>\n<p>Cada organizaci\u00f3n nombra un delegado y su suplente para participar en las reuniones mensuales. Las reuniones est\u00e1n abiertas a todos los vecinos.<\/p>\n<p>A la fecha hacen parte de la MESA DE GOBERNANZA LOCAL de La Buitrera (voz y voto):<\/p>\n<ol>\n<li><strong>Comit\u00e9s c\u00edvicos y asociaciones:<\/strong><\/li>\n<\/ol>\n<ul>\n<li>Comit\u00e9 Cultura Delegado: Pascal Molineaux &#8211; Suplente: Janeth Sanabria<\/li>\n<li>Comit\u00e9 Turismo Delegada: Ophir Hurtado &#8211; Suplente: Pilar Dacosta<\/li>\n<li>Comit\u00e9 Catastro Delegado: Marcos Duque<\/li>\n<li>Comit\u00e9 Ambiental Delegada: Maricruz Jaramillo &#8211; Suplente: Luz G\u00f3mez<\/li>\n<li>SaludArte Delegada: Ceci Montealegre &#8211; Suplente: Zulamita Jaramillo<\/li>\n<li>Centro de Pensamiento BUITRERA-FUTURO Delegado: Peter Brabers<\/li>\n<\/ul>\n<ol start=\"2\">\n<li><strong>Juntas de Acci\u00f3n Comunal:<\/strong><\/li>\n<\/ol>\n<ul>\n<li>Oto\u00f1o Delegado: Herberth Gait\u00e1n Suplente: Carlos Alvarez<\/li>\n<li>Rosario Delegado: Luis Fernando Sarmiento Suplente: Leonardo Ca\u00f1averal<\/li>\n<li>Pueblo Nuevo (Crucero) Delegada: Yolima Pechene<\/li>\n<\/ul>\n<ol start=\"3\">\n<li><strong>Instituciones y fundaciones:<\/strong><\/li>\n<\/ol>\n<ul>\n<li>Fundaci\u00f3n Pensamiento verde Delegado: E. Escobar S: A. Villamar\u00edn<\/li>\n<li>Fundaci\u00f3n Pro-Org\u00e1nica Delegada: C. L. Mart\u00ednez S: H. Dorado<\/li>\n<li>Peri\u00f3dico La Casa del Guat\u00edn Delegado: P. Conil S: Arturo Piedrahita<\/li>\n<li>I. E. de La Buitrera (5 sedes) Delegada: Alicia Rueda<\/li>\n<li>Centro Cultural La Guatina Delegado: Manuel Zuluaga S: E. Pulgar\u00edn<\/li>\n<\/ul>\n<p>Acompa\u00f1an tambi\u00e9n a t\u00edtulo personal:<\/p>\n<ul>\n<li>Rosa Elena Moreno (Ex-vicepresidenta de la JAL)<\/li>\n<li>Mar\u00eda Fernanda Franco (Ex-presidenta de la JAL 2024)<\/li>\n<li>Jhon Jaramillo (Ex-presidente JAL)<\/li>\n<li>Luis Adarve (Presidente JAC La Sirena)<\/li>\n<\/ul>\n\n<p>REFERENCIA: www.mesabuitrera.org<\/p>\n\t\t\t\t\t\t\t\t<\/div>\n\t\t\t\t<div class=\"elementor-element elementor-element-370c476 elementor-widget elementor-widget-heading\" data-id=\"370c476\" data-element_type=\"widget\" data-e-type=\"widget\" data-widget_type=\"heading.default\">\n\t\t\t\t\t<h6 class=\"elementor-heading-title elementor-size-default\">Adjuntamos documentos para ver y descargar<\/h6>\t\t\t\t<\/div>\n\t\t\t\t<div class=\"elementor-element elementor-element-e3d1690 elementor-icon-list--layout-traditional elementor-list-item-link-full_width elementor-widget elementor-widget-icon-list\" data-id=\"e3d1690\" data-element_type=\"widget\" data-e-type=\"widget\" data-widget_type=\"icon-list.default\">\n\t\t\t\t\t\t\t<ul class=\"elementor-icon-list-items\">\n\t\t\t\t\t\t\t<li class=\"elementor-icon-list-item\">\n\t\t\t\t\t\t\t\t\t\t\t<a href=\"http:\/\/lacasadelguatin.co\/wp-content\/uploads\/2025\/02\/P24-001-BUITRERA-Mesa-de-Gobernanza-Local-Ofic.pdf\">\n\n\t\t\t\t\t\t\t\t\t\t\t\t<span class=\"elementor-icon-list-icon\">\n\t\t\t\t\t\t\t<i aria-hidden=\"true\" class=\"fas fa-file-pdf\"><\/i>\t\t\t\t\t\t<\/span>\n\t\t\t\t\t\t\t\t\t\t<span class=\"elementor-icon-list-text\">Derecho de petici\u00f3n de  La MESA a la Alcald\u00eda <\/span>\n\t\t\t\t\t\t\t\t\t\t\t<\/a>\n\t\t\t\t\t\t\t\t\t<\/li>\n\t\t\t\t\t\t\t\t<li class=\"elementor-icon-list-item\">\n\t\t\t\t\t\t\t\t\t\t\t<a href=\"http:\/\/lacasadelguatin.co\/wp-content\/uploads\/2025\/02\/P23-074-GUATIN-Tema-CATASTRO-PREDIAL-Comunicado-de-la-MESA-Junio-25.pdf\">\n\n\t\t\t\t\t\t\t\t\t\t\t\t<span class=\"elementor-icon-list-icon\">\n\t\t\t\t\t\t\t<i aria-hidden=\"true\" class=\"fas fa-file-pdf\"><\/i>\t\t\t\t\t\t<\/span>\n\t\t\t\t\t\t\t\t\t\t<span class=\"elementor-icon-list-text\">Concepto de La MESA sobre los  nuevos aval\u00faos catastrales<\/span>\n\t\t\t\t\t\t\t\t\t\t\t<\/a>\n\t\t\t\t\t\t\t\t\t<\/li>\n\t\t\t\t\t\t<\/ul>\n\t\t\t\t\t\t<\/div>\n\t\t\t\t\t<\/div>\n\t\t\t\t<\/div>\n\t\t\t\t<\/div>\n\t\t","protected":false},"excerpt":{"rendered":"<p>Esta MESA no hace parte de la \u201cinstitucionalidad\u201d (entes electos y entes administrativos definidos por la Constituci\u00f3n). Es una iniciativa de los habitantes para remediar a las (enormes) falencias de dicha institucionalidad en los corregimientos rurales. Agrupa a gran parte de las fuerzas vivas de La Buitrera (Juntas de Acci\u00f3n Comunal JAC, Comit\u00e9s, Asociaciones, Gremios, [&hellip;]<\/p>\n","protected":false},"author":1,"featured_media":12515,"comment_status":"open","ping_status":"open","sticky":false,"template":"","format":"standard","meta":{"_monsterinsights_skip_tracking":false,"_monsterinsights_sitenote_active":false,"_monsterinsights_sitenote_note":"","_monsterinsights_sitenote_category":0,"_joinchat":[],"footnotes":""},"categories":[430],"tags":[],"class_list":["post-18381","post","type-post","status-publish","format-standard","has-post-thumbnail","hentry","category-250220-bloque-pagina-6"],"aioseo_notices":[],"_links":{"self":[{"href":"https:\/\/lacasadelguatin.co\/index.php\/wp-json\/wp\/v2\/posts\/18381","targetHints":{"allow":["GET"]}}],"collection":[{"href":"https:\/\/lacasadelguatin.co\/index.php\/wp-json\/wp\/v2\/posts"}],"about":[{"href":"https:\/\/lacasadelguatin.co\/index.php\/wp-json\/wp\/v2\/types\/post"}],"author":[{"embeddable":true,"href":"https:\/\/lacasadelguatin.co\/index.php\/wp-json\/wp\/v2\/users\/1"}],"replies":[{"embeddable":true,"href":"https:\/\/lacasadelguatin.co\/index.php\/wp-json\/wp\/v2\/comments?post=18381"}],"version-history":[{"count":10,"href":"https:\/\/lacasadelguatin.co\/index.php\/wp-json\/wp\/v2\/posts\/18381\/revisions"}],"predecessor-version":[{"id":18496,"href":"https:\/\/lacasadelguatin.co\/index.php\/wp-json\/wp\/v2\/posts\/18381\/revisions\/18496"}],"wp:featuredmedia":[{"embeddable":true,"href":"https:\/\/lacasadelguatin.co\/index.php\/wp-json\/wp\/v2\/media\/12515"}],"wp:attachment":[{"href":"https:\/\/lacasadelguatin.co\/index.php\/wp-json\/wp\/v2\/media?parent=18381"}],"wp:term":[{"taxonomy":"category","embeddable":true,"href":"https:\/\/lacasadelguatin.co\/index.php\/wp-json\/wp\/v2\/categories?post=18381"},{"taxonomy":"post_tag","embeddable":true,"href":"https:\/\/lacasadelguatin.co\/index.php\/wp-json\/wp\/v2\/tags?post=18381"}],"curies":[{"name":"wp","href":"https:\/\/api.w.org\/{rel}","templated":true}]}}