{"id":18043,"date":"2025-02-16T02:40:00","date_gmt":"2025-02-16T02:40:00","guid":{"rendered":"https:\/\/lacasadelguatin.co\/?p=18043"},"modified":"2025-02-17T17:49:39","modified_gmt":"2025-02-17T17:49:39","slug":"los-invitamos-avisitar-la-carpatienda-saludarte","status":"publish","type":"post","link":"https:\/\/lacasadelguatin.co\/index.php\/2025\/02\/16\/los-invitamos-avisitar-la-carpatienda-saludarte\/","title":{"rendered":"\u00a1Los invitamos a visitar la Carpa Tienda SaludArte!"},"content":{"rendered":"\n<figure class=\"wp-block-image size-large\"><img fetchpriority=\"high\" decoding=\"async\" width=\"1024\" height=\"471\" src=\"http:\/\/lacasadelguatin.co\/wp-content\/uploads\/2025\/02\/WhatsApp-Image-2025-01-10-at-8.48.53-AM-2-1024x471.webp\" alt=\"\" class=\"wp-image-18050\" srcset=\"https:\/\/lacasadelguatin.co\/wp-content\/uploads\/2025\/02\/WhatsApp-Image-2025-01-10-at-8.48.53-AM-2-1024x471.webp 1024w, https:\/\/lacasadelguatin.co\/wp-content\/uploads\/2025\/02\/WhatsApp-Image-2025-01-10-at-8.48.53-AM-2-300x138.webp 300w, https:\/\/lacasadelguatin.co\/wp-content\/uploads\/2025\/02\/WhatsApp-Image-2025-01-10-at-8.48.53-AM-2-768x353.webp 768w, https:\/\/lacasadelguatin.co\/wp-content\/uploads\/2025\/02\/WhatsApp-Image-2025-01-10-at-8.48.53-AM-2.webp 1417w\" sizes=\"(max-width: 1024px) 100vw, 1024px\" \/><\/figure>\n\n\n\n<p>La comunidad de La Buitrera est\u00e1 cordialmente invitada a visitar la Carpa Tienda SaludArte, un emprendimiento colectivo ubicado en el sector El Plan-Cabecera frente al puesto de salud . Este espacio busca promover a los emprendedores locales, ofreciendo productos como artesan\u00edas, tejidos, mercado campesino, mermeladas artesanales, arepas caseras, velas<br>arom\u00e1ticas, ung\u00fcentos medicinales, ropa de segunda, pasteler\u00eda y panader\u00eda artesanal, plantas arom\u00e1tica, suculentas<br>y mucho m\u00e1s.<\/p>\n\n\n\n<blockquote class=\"wp-block-quote is-layout-flow wp-block-quote-is-layout-flow\">\n<p class=\"has-text-align-center\">Horarios de atenci\u00f3n: Mi\u00e9rcoles, viernes y s\u00e1bado de 7:00 a.m. a 12:00 p.m.<\/p>\n<\/blockquote>\n\n\n\n<p>Adem\u00e1s, los primeros domingos de cada mes, te esperamos en nuestra Venta de Garaje de 9:00 a.m. a 2:00 p.m. (productos de segunda mano).<\/p>\n\n\n\n<p>Tambi\u00e9n puedes visitarnos en el Mercado Campesino de la Media Torta en Altos de El Rosario, que se realiza el tercer domingo de cada mes, de 7:00 a.m. a 1:00 p.m., con el apoyo del Comit\u00e9 Entornos para la Vida.<\/p>\n\n\n\n<figure class=\"wp-block-gallery has-nested-images columns-default is-cropped wp-block-gallery-1 is-layout-flex wp-block-gallery-is-layout-flex\">\n<figure class=\"wp-block-image size-large\"><a href=\"https:\/\/lacasadelguatin.co\/wp-content\/uploads\/2025\/02\/carpa-saludarte-4.webp\"><img decoding=\"async\" width=\"1024\" height=\"876\" data-id=\"18048\" src=\"https:\/\/lacasadelguatin.co\/wp-content\/uploads\/2025\/02\/carpa-saludarte-4-1024x876.webp\" alt=\"\" class=\"wp-image-18048\" srcset=\"https:\/\/lacasadelguatin.co\/wp-content\/uploads\/2025\/02\/carpa-saludarte-4-1024x876.webp 1024w, https:\/\/lacasadelguatin.co\/wp-content\/uploads\/2025\/02\/carpa-saludarte-4-300x257.webp 300w, https:\/\/lacasadelguatin.co\/wp-content\/uploads\/2025\/02\/carpa-saludarte-4-768x657.webp 768w, https:\/\/lacasadelguatin.co\/wp-content\/uploads\/2025\/02\/carpa-saludarte-4.webp 1417w\" sizes=\"(max-width: 1024px) 100vw, 1024px\" \/><\/a><\/figure>\n\n\n\n<figure class=\"wp-block-image size-large\"><img decoding=\"async\" width=\"1024\" height=\"845\" data-id=\"18047\" src=\"https:\/\/lacasadelguatin.co\/wp-content\/uploads\/2025\/02\/carpa-saludarte-3-1024x845.webp\" alt=\"\" class=\"wp-image-18047\" srcset=\"https:\/\/lacasadelguatin.co\/wp-content\/uploads\/2025\/02\/carpa-saludarte-3-1024x845.webp 1024w, https:\/\/lacasadelguatin.co\/wp-content\/uploads\/2025\/02\/carpa-saludarte-3-300x247.webp 300w, https:\/\/lacasadelguatin.co\/wp-content\/uploads\/2025\/02\/carpa-saludarte-3-768x634.webp 768w, https:\/\/lacasadelguatin.co\/wp-content\/uploads\/2025\/02\/carpa-saludarte-3.webp 1417w\" sizes=\"(max-width: 1024px) 100vw, 1024px\" \/><\/figure>\n\n\n\n<figure class=\"wp-block-image size-large\"><img loading=\"lazy\" decoding=\"async\" width=\"1024\" height=\"948\" data-id=\"18046\" src=\"https:\/\/lacasadelguatin.co\/wp-content\/uploads\/2025\/02\/carpa-saludarte-2-1024x948.webp\" alt=\"\" class=\"wp-image-18046\" srcset=\"https:\/\/lacasadelguatin.co\/wp-content\/uploads\/2025\/02\/carpa-saludarte-2-1024x948.webp 1024w, https:\/\/lacasadelguatin.co\/wp-content\/uploads\/2025\/02\/carpa-saludarte-2-300x278.webp 300w, https:\/\/lacasadelguatin.co\/wp-content\/uploads\/2025\/02\/carpa-saludarte-2-768x711.webp 768w, https:\/\/lacasadelguatin.co\/wp-content\/uploads\/2025\/02\/carpa-saludarte-2.webp 1417w\" sizes=\"(max-width: 1024px) 100vw, 1024px\" \/><\/figure>\n<\/figure>\n\n\n\n<p>\u00a1Apoyemos juntos a los emprendedores de nuestra regi\u00f3n!<\/p>\n\n\n\n<blockquote class=\"wp-block-quote is-layout-flow wp-block-quote-is-layout-flow\">\n<p>Para m\u00e1s informaci\u00f3n escribir al WhatsApp 3217522860.<\/p>\n<\/blockquote>\n","protected":false},"excerpt":{"rendered":"<p>La comunidad de La Buitrera est\u00e1 cordialmente invitada a visitar la Carpa Tienda SaludArte, un emprendimiento colectivo ubicado en el sector El Plan-Cabecera frente al puesto de salud . Este espacio busca promover a los emprendedores locales, ofreciendo productos como artesan\u00edas, tejidos, mercado campesino, mermeladas artesanales, arepas caseras, velasarom\u00e1ticas, ung\u00fcentos medicinales, ropa de segunda, pasteler\u00eda [&hellip;]<\/p>\n","protected":false},"author":1,"featured_media":18051,"comment_status":"open","ping_status":"open","sticky":false,"template":"","format":"standard","meta":{"_monsterinsights_skip_tracking":false,"_monsterinsights_sitenote_active":false,"_monsterinsights_sitenote_note":"","_monsterinsights_sitenote_category":0,"_joinchat":[],"footnotes":""},"categories":[420],"tags":[],"class_list":["post-18043","post","type-post","status-publish","format-standard","has-post-thumbnail","hentry","category-250217-los-invitamos-a-visitar-la-carpa-tienda-saludarte"],"aioseo_notices":[],"_links":{"self":[{"href":"https:\/\/lacasadelguatin.co\/index.php\/wp-json\/wp\/v2\/posts\/18043","targetHints":{"allow":["GET"]}}],"collection":[{"href":"https:\/\/lacasadelguatin.co\/index.php\/wp-json\/wp\/v2\/posts"}],"about":[{"href":"https:\/\/lacasadelguatin.co\/index.php\/wp-json\/wp\/v2\/types\/post"}],"author":[{"embeddable":true,"href":"https:\/\/lacasadelguatin.co\/index.php\/wp-json\/wp\/v2\/users\/1"}],"replies":[{"embeddable":true,"href":"https:\/\/lacasadelguatin.co\/index.php\/wp-json\/wp\/v2\/comments?post=18043"}],"version-history":[{"count":2,"href":"https:\/\/lacasadelguatin.co\/index.php\/wp-json\/wp\/v2\/posts\/18043\/revisions"}],"predecessor-version":[{"id":18053,"href":"https:\/\/lacasadelguatin.co\/index.php\/wp-json\/wp\/v2\/posts\/18043\/revisions\/18053"}],"wp:featuredmedia":[{"embeddable":true,"href":"https:\/\/lacasadelguatin.co\/index.php\/wp-json\/wp\/v2\/media\/18051"}],"wp:attachment":[{"href":"https:\/\/lacasadelguatin.co\/index.php\/wp-json\/wp\/v2\/media?parent=18043"}],"wp:term":[{"taxonomy":"category","embeddable":true,"href":"https:\/\/lacasadelguatin.co\/index.php\/wp-json\/wp\/v2\/categories?post=18043"},{"taxonomy":"post_tag","embeddable":true,"href":"https:\/\/lacasadelguatin.co\/index.php\/wp-json\/wp\/v2\/tags?post=18043"}],"curies":[{"name":"wp","href":"https:\/\/api.w.org\/{rel}","templated":true}]}}