{"id":1653,"date":"2021-09-02T21:23:45","date_gmt":"2021-09-02T21:23:45","guid":{"rendered":"https:\/\/lacasadelguatin.co\/?p=1653"},"modified":"2021-09-02T21:23:58","modified_gmt":"2021-09-02T21:23:58","slug":"a-proposito-del-accidente-sufrido-por-el-alimentador-del-mio","status":"publish","type":"post","link":"https:\/\/lacasadelguatin.co\/index.php\/2021\/09\/02\/a-proposito-del-accidente-sufrido-por-el-alimentador-del-mio\/","title":{"rendered":"A prop\u00f3sito del accidente sufrido por el alimentador del MIO"},"content":{"rendered":"\n<p>Este lunes 30 de agosto, a las ocho de la ma\u00f1ana nuevamente quedaron en evidencia las condiciones de inseguridad de algunos tramos de la v\u00eda a La Buitrera que requieren atenci\u00f3n de parte de los funcionarios y las \u00e1reas de gobierno pertinentes.<\/p>\n\n\n\n<p>El accidente de un alimentador MIO en la Y del Plan, 250 metros debajo de EL PORTENTO con saldo de once heridos que pudo ser de consecuencias mayores; exige los interrogantes a quienes corresponda la responsabilidad acerca de \u00bfQuien est\u00e1 a cargo del dise\u00f1o vial, reductores de velocidad y andenes?<\/p>\n\n\n\n<figure class=\"wp-block-image size-large\"><img fetchpriority=\"high\" decoding=\"async\" width=\"1024\" height=\"768\" src=\"https:\/\/lacasadelguatin.co\/wp-content\/uploads\/2021\/09\/WhatsApp-Image-2021-08-30-at-10.59.13-AM-1024x768.jpeg\" alt=\"\" class=\"wp-image-1656\" srcset=\"https:\/\/lacasadelguatin.co\/wp-content\/uploads\/2021\/09\/WhatsApp-Image-2021-08-30-at-10.59.13-AM-1024x768.jpeg 1024w, https:\/\/lacasadelguatin.co\/wp-content\/uploads\/2021\/09\/WhatsApp-Image-2021-08-30-at-10.59.13-AM-300x225.jpeg 300w, https:\/\/lacasadelguatin.co\/wp-content\/uploads\/2021\/09\/WhatsApp-Image-2021-08-30-at-10.59.13-AM-768x576.jpeg 768w, https:\/\/lacasadelguatin.co\/wp-content\/uploads\/2021\/09\/WhatsApp-Image-2021-08-30-at-10.59.13-AM-1536x1152.jpeg 1536w, https:\/\/lacasadelguatin.co\/wp-content\/uploads\/2021\/09\/WhatsApp-Image-2021-08-30-at-10.59.13-AM.jpeg 1600w\" sizes=\"(max-width: 1024px) 100vw, 1024px\" \/><\/figure>\n\n\n\n<p>Necesitamos de un Plan Maestro vial y de gobernanza.<\/p>\n","protected":false},"excerpt":{"rendered":"<p>Este lunes 30 de agosto, a las ocho de la ma\u00f1ana nuevamente quedaron en evidencia las condiciones de inseguridad de algunos tramos de la v\u00eda a La Buitrera que requieren atenci\u00f3n de parte de los funcionarios y las \u00e1reas de gobierno pertinentes. El accidente de un alimentador MIO en la Y del Plan, 250 metros [&hellip;]<\/p>\n","protected":false},"author":1,"featured_media":1654,"comment_status":"open","ping_status":"open","sticky":false,"template":"","format":"standard","meta":{"_monsterinsights_skip_tracking":false,"_monsterinsights_sitenote_active":false,"_monsterinsights_sitenote_note":"","_monsterinsights_sitenote_category":0,"_joinchat":[],"footnotes":""},"categories":[37],"tags":[],"class_list":["post-1653","post","type-post","status-publish","format-standard","has-post-thumbnail","hentry","category-noticias-del-mes"],"aioseo_notices":[],"_links":{"self":[{"href":"https:\/\/lacasadelguatin.co\/index.php\/wp-json\/wp\/v2\/posts\/1653","targetHints":{"allow":["GET"]}}],"collection":[{"href":"https:\/\/lacasadelguatin.co\/index.php\/wp-json\/wp\/v2\/posts"}],"about":[{"href":"https:\/\/lacasadelguatin.co\/index.php\/wp-json\/wp\/v2\/types\/post"}],"author":[{"embeddable":true,"href":"https:\/\/lacasadelguatin.co\/index.php\/wp-json\/wp\/v2\/users\/1"}],"replies":[{"embeddable":true,"href":"https:\/\/lacasadelguatin.co\/index.php\/wp-json\/wp\/v2\/comments?post=1653"}],"version-history":[{"count":2,"href":"https:\/\/lacasadelguatin.co\/index.php\/wp-json\/wp\/v2\/posts\/1653\/revisions"}],"predecessor-version":[{"id":1658,"href":"https:\/\/lacasadelguatin.co\/index.php\/wp-json\/wp\/v2\/posts\/1653\/revisions\/1658"}],"wp:featuredmedia":[{"embeddable":true,"href":"https:\/\/lacasadelguatin.co\/index.php\/wp-json\/wp\/v2\/media\/1654"}],"wp:attachment":[{"href":"https:\/\/lacasadelguatin.co\/index.php\/wp-json\/wp\/v2\/media?parent=1653"}],"wp:term":[{"taxonomy":"category","embeddable":true,"href":"https:\/\/lacasadelguatin.co\/index.php\/wp-json\/wp\/v2\/categories?post=1653"},{"taxonomy":"post_tag","embeddable":true,"href":"https:\/\/lacasadelguatin.co\/index.php\/wp-json\/wp\/v2\/tags?post=1653"}],"curies":[{"name":"wp","href":"https:\/\/api.w.org\/{rel}","templated":true}]}}