{"id":14235,"date":"2024-06-27T19:58:21","date_gmt":"2024-06-27T19:58:21","guid":{"rendered":"https:\/\/lacasadelguatin.co\/?p=14235"},"modified":"2024-06-27T19:59:40","modified_gmt":"2024-06-27T19:59:40","slug":"encuentro-cultural-y-taller-para-la-identificacion-de-las-vocaciones-culturales-del-territoro","status":"publish","type":"post","link":"https:\/\/lacasadelguatin.co\/index.php\/2024\/06\/27\/encuentro-cultural-y-taller-para-la-identificacion-de-las-vocaciones-culturales-del-territoro\/","title":{"rendered":"Encuentro cultural y taller para la identificaci\u00f3n de las vocaciones culturales del territoro."},"content":{"rendered":"\n<div class=\"wp-block-columns is-layout-flex wp-container-core-columns-is-layout-7387b849 wp-block-columns-is-layout-flex\">\n<div class=\"wp-block-column is-layout-flow wp-block-column-is-layout-flow\" style=\"flex-basis:100%\">\n<div class=\"wp-block-columns is-layout-flex wp-container-core-columns-is-layout-7387b849 wp-block-columns-is-layout-flex\">\n<div class=\"wp-block-column is-layout-flow wp-block-column-is-layout-flow\" style=\"flex-basis:100%\">\n<div class=\"wp-block-columns is-layout-flex wp-container-core-columns-is-layout-7387b849 wp-block-columns-is-layout-flex\">\n<div class=\"wp-block-column is-layout-flow wp-block-column-is-layout-flow\">\n<p class=\"wp-block-paragraph\">Invitaci\u00f3n de la Secretaria de Cultura de Cali a (las y los) *gestores culturales, artistas, portadores de manifestaciones del patrimonio y miembros de la comunidad interesados en contribuir al desarrollo cultural de La Buitrera, a un encuentro cultural y taller para la identificaci\u00f3n de las vocaciones culturales del territoro.<br>Lugar: La Guatina, Centro Cultural CCBU La Buitrera.<br>D\u00eda y hora: martes 2 de julio a las 10:00 am<br>Mayor informaci\u00f3n en el archivo adjunto, o en los tel\u00e9fonos: 314 839 6313\u00a0y\u00a0310 892 3517<\/p>\n<\/div>\n\n\n\n<div class=\"wp-block-column is-layout-flow wp-block-column-is-layout-flow\">\n<figure class=\"wp-block-image size-medium is-style-default\"><a href=\"https:\/\/lacasadelguatin.co\/wp-content\/uploads\/2024\/06\/Imagen-de-WhatsApp-2024-06-26-a-las-19.52.04_422ffe65.jpg\" target=\"_blank\" rel=\"noreferrer noopener\"><img fetchpriority=\"high\" decoding=\"async\" width=\"231\" height=\"300\" src=\"https:\/\/lacasadelguatin.co\/wp-content\/uploads\/2024\/06\/Imagen-de-WhatsApp-2024-06-26-a-las-19.52.04_422ffe65-231x300.jpg\" alt=\"\" class=\"wp-image-14236\" srcset=\"https:\/\/lacasadelguatin.co\/wp-content\/uploads\/2024\/06\/Imagen-de-WhatsApp-2024-06-26-a-las-19.52.04_422ffe65-231x300.jpg 231w, https:\/\/lacasadelguatin.co\/wp-content\/uploads\/2024\/06\/Imagen-de-WhatsApp-2024-06-26-a-las-19.52.04_422ffe65.jpg 469w\" sizes=\"(max-width: 231px) 100vw, 231px\" \/><\/a><\/figure>\n<\/div>\n<\/div>\n<\/div>\n<\/div>\n<\/div>\n<\/div>\n","protected":false},"excerpt":{"rendered":"<p>Invitaci\u00f3n de la Secretaria de Cultura de Cali a (las y los) *gestores culturales, artistas, portadores de manifestaciones del patrimonio y miembros de la comunidad interesados en contribuir al desarrollo cultural de La Buitrera, a un encuentro cultural y taller para la identificaci\u00f3n de las vocaciones culturales del territoro.Lugar: La Guatina, Centro Cultural CCBU La [&hellip;]<\/p>\n","protected":false},"author":1,"featured_media":14238,"comment_status":"open","ping_status":"open","sticky":false,"template":"","format":"standard","meta":{"_monsterinsights_skip_tracking":false,"_joinchat":[],"footnotes":""},"categories":[300],"tags":[],"class_list":["post-14235","post","type-post","status-publish","format-standard","has-post-thumbnail","hentry","category-secretaria-de-cultura-de-cali"],"_links":{"self":[{"href":"https:\/\/lacasadelguatin.co\/index.php\/wp-json\/wp\/v2\/posts\/14235","targetHints":{"allow":["GET"]}}],"collection":[{"href":"https:\/\/lacasadelguatin.co\/index.php\/wp-json\/wp\/v2\/posts"}],"about":[{"href":"https:\/\/lacasadelguatin.co\/index.php\/wp-json\/wp\/v2\/types\/post"}],"author":[{"embeddable":true,"href":"https:\/\/lacasadelguatin.co\/index.php\/wp-json\/wp\/v2\/users\/1"}],"replies":[{"embeddable":true,"href":"https:\/\/lacasadelguatin.co\/index.php\/wp-json\/wp\/v2\/comments?post=14235"}],"version-history":[{"count":0,"href":"https:\/\/lacasadelguatin.co\/index.php\/wp-json\/wp\/v2\/posts\/14235\/revisions"}],"wp:featuredmedia":[{"embeddable":true,"href":"https:\/\/lacasadelguatin.co\/index.php\/wp-json\/wp\/v2\/media\/14238"}],"wp:attachment":[{"href":"https:\/\/lacasadelguatin.co\/index.php\/wp-json\/wp\/v2\/media?parent=14235"}],"wp:term":[{"taxonomy":"category","embeddable":true,"href":"https:\/\/lacasadelguatin.co\/index.php\/wp-json\/wp\/v2\/categories?post=14235"},{"taxonomy":"post_tag","embeddable":true,"href":"https:\/\/lacasadelguatin.co\/index.php\/wp-json\/wp\/v2\/tags?post=14235"}],"curies":[{"name":"wp","href":"https:\/\/api.w.org\/{rel}","templated":true}]}}