{"id":13500,"date":"2024-05-06T15:13:11","date_gmt":"2024-05-06T15:13:11","guid":{"rendered":"https:\/\/lacasadelguatin.co\/?p=13500"},"modified":"2024-05-06T15:14:05","modified_gmt":"2024-05-06T15:14:05","slug":"240506-cuenca-del-rio-canaveralejo-asuntos-de-ordenamiento-territorial-y-planificacion","status":"publish","type":"post","link":"https:\/\/lacasadelguatin.co\/index.php\/2024\/05\/06\/240506-cuenca-del-rio-canaveralejo-asuntos-de-ordenamiento-territorial-y-planificacion\/","title":{"rendered":"240506 &#8211; Cuenca del r\u00edo Ca\u00f1averalejo, asuntos de ordenamiento territorial y planificaci\u00f3n."},"content":{"rendered":"\n<figure class=\"wp-block-embed is-type-video is-provider-youtube wp-block-embed-youtube wp-embed-aspect-16-9 wp-has-aspect-ratio\"><div class=\"wp-block-embed__wrapper\">\n<iframe title=\"Cuenca del r\u00edo Ca\u00f1averalejo.  Ecolog\u00eda mestiza. Asuntos de ordenamiento territorial y planificacion.\" width=\"800\" height=\"450\" src=\"https:\/\/www.youtube.com\/embed\/SsvPIYGrG7c?feature=oembed\" frameborder=\"0\" allow=\"accelerometer; autoplay; clipboard-write; encrypted-media; gyroscope; picture-in-picture; web-share\" referrerpolicy=\"strict-origin-when-cross-origin\" allowfullscreen><\/iframe>\n<\/div><\/figure>\n","protected":false},"excerpt":{"rendered":"","protected":false},"author":1,"featured_media":13501,"comment_status":"open","ping_status":"open","sticky":false,"template":"","format":"standard","meta":{"_monsterinsights_skip_tracking":false,"_monsterinsights_sitenote_active":false,"_monsterinsights_sitenote_note":"","_monsterinsights_sitenote_category":0,"_joinchat":[],"footnotes":""},"categories":[268],"tags":[],"class_list":["post-13500","post","type-post","status-publish","format-standard","has-post-thumbnail","hentry","category-240506-cuenca-del-rio-canaveralejo-asuntos-de-ordenamiento-territorial-y-planificacion"],"aioseo_notices":[],"_links":{"self":[{"href":"https:\/\/lacasadelguatin.co\/index.php\/wp-json\/wp\/v2\/posts\/13500","targetHints":{"allow":["GET"]}}],"collection":[{"href":"https:\/\/lacasadelguatin.co\/index.php\/wp-json\/wp\/v2\/posts"}],"about":[{"href":"https:\/\/lacasadelguatin.co\/index.php\/wp-json\/wp\/v2\/types\/post"}],"author":[{"embeddable":true,"href":"https:\/\/lacasadelguatin.co\/index.php\/wp-json\/wp\/v2\/users\/1"}],"replies":[{"embeddable":true,"href":"https:\/\/lacasadelguatin.co\/index.php\/wp-json\/wp\/v2\/comments?post=13500"}],"version-history":[{"count":2,"href":"https:\/\/lacasadelguatin.co\/index.php\/wp-json\/wp\/v2\/posts\/13500\/revisions"}],"predecessor-version":[{"id":13503,"href":"https:\/\/lacasadelguatin.co\/index.php\/wp-json\/wp\/v2\/posts\/13500\/revisions\/13503"}],"wp:featuredmedia":[{"embeddable":true,"href":"https:\/\/lacasadelguatin.co\/index.php\/wp-json\/wp\/v2\/media\/13501"}],"wp:attachment":[{"href":"https:\/\/lacasadelguatin.co\/index.php\/wp-json\/wp\/v2\/media?parent=13500"}],"wp:term":[{"taxonomy":"category","embeddable":true,"href":"https:\/\/lacasadelguatin.co\/index.php\/wp-json\/wp\/v2\/categories?post=13500"},{"taxonomy":"post_tag","embeddable":true,"href":"https:\/\/lacasadelguatin.co\/index.php\/wp-json\/wp\/v2\/tags?post=13500"}],"curies":[{"name":"wp","href":"https:\/\/api.w.org\/{rel}","templated":true}]}}