{"id":12602,"date":"2024-03-20T07:05:37","date_gmt":"2024-03-20T07:05:37","guid":{"rendered":"https:\/\/lacasadelguatin.co\/?p=12602"},"modified":"2024-03-20T07:05:38","modified_gmt":"2024-03-20T07:05:38","slug":"diario-el-pais-de-cali-publica-estrategia-para-proteger-nuestra-biodiversidad","status":"publish","type":"post","link":"https:\/\/lacasadelguatin.co\/index.php\/2024\/03\/20\/diario-el-pais-de-cali-publica-estrategia-para-proteger-nuestra-biodiversidad\/","title":{"rendered":"Diario El Pa\u00eds de Cali, publica estrategia para proteger nuestra biodiversidad"},"content":{"rendered":"\n<p>El Gobierno Nacional y los mandatarios locales se comprometieron en garantizar la protecci\u00f3n del Parque Nacional Natural Farallones de Cali, que se ha visto fuertemente amenazado por varios delitos ambientales en el \u00faltimo tiempo. Esto en el marco de los preparativos de la COP16.<\/p>\n\n\n\n<p>Actividades como la miner\u00eda ilegal, la deforestaci\u00f3n y la sustracci\u00f3n de material vegetal, tanto de \u00e1rboles como de otras especies, \u201cno las permitiremos m\u00e1s y vamos a buscar opciones para resolverlas\u201d, asegur\u00f3 el alcalde de Cali, Alejandro Eder.<\/p>\n\n\n\n<p>Al finalizar el Consejo de Seguridad Ambiental realizado en Cali la ministra de Ambiente, Susana Muhamad, dijo que ayudar\u00e1 a robustecer el esfuerzo que realizan las autoridades locales.<\/p>\n\n\n\n<p>Conclusiones del Gobierno Nacional y las autoridades locales para el alistamiento de cara a la COP16, luego del Bloque Parlamentario y el Consejo de Seguridad Ambiental de este viernes, 8 de marzo<br>La ministra de Ambiente y Desarrollo Sostenible, Susana Muhamad, lider\u00f3 las reuniones en torno a la COP16 que se realizaron esta semana en Cali. | Foto: WIRMAN R\u00cdOS<br>\u201cSeguimos comprometidos con la consolidaci\u00f3n de la operaci\u00f3n en los Farallones. Hemos delineado tanto los planes para la COP16 como punto de consolidaci\u00f3n de muchas metas ambientales de la ciudad, como tambi\u00e9n un trabajo continuo que vamos a seguir en el prop\u00f3sito de recuperar el Parque Nacional\u201d, se\u00f1al\u00f3 Muhamad.<\/p>\n\n\n\n<p>Desde la direcci\u00f3n nacional de Parques Naturales de Colombia indicaron que este es un esfuerzo que inici\u00f3 antes de que se escogiera al pa\u00eds como sede de la COP, y que, por tanto, debe mantenerse para la posteridad.<\/p>\n\n\n\n<p>El director de la entidad, Luis Olmedo Mart\u00ednez, explic\u00f3 que la conservaci\u00f3n implica controlar las presiones, las cuales tienen que ver con el cuidado del agua, el control de los bordes urbanos (asentamientos ilegales) y una estrategia de gesti\u00f3n del conocimiento con la ciudadan\u00eda.<\/p>\n\n\n\n<p>La capital del Valle cuenta con la infraestructura y log\u00edstica necesarias para atender un evento de tal magnitud y con gente c\u00e1lida y amable que sabe bien c\u00f3mo atender a quienes la visitan.<br>Estos son los acuerdos clave para la COP 16 en Cali y su importancia a nivel regional, nacional y global, seg\u00fan Ministerio de Ambiente<br>\u201cNos hacen falta tres cosas: en primer lugar, mantener el impulso que llevamos en este momento; en segundo lugar, hacer un proceso de consolidaci\u00f3n del equipo de cuidado, porque no se trata de que solo Parques Nacionales intervenga, sino de que el conjunto de entidades lo alcancen a hacer, y el tercer elemento es mantener ese impulso juntos en el tiempo, la propuesta que hemos planteado en la reuni\u00f3n es exactamente en esa l\u00ednea\u201d, dijo el director de Parques Nacionales.<\/p>\n\n\n\n<p>Las autoridades tambi\u00e9n se refirieron a la apuesta ambiental e integral de Cali, incluyendo otras zonas de la ruralidad y el casco urbano.<\/p>\n\n\n\n<p>La ministra Muhamad explic\u00f3 que se va a \u201cplantear una planificaci\u00f3n integral de recuperaci\u00f3n ambiental para la ciudad\u201d, con la cual se acompa\u00f1e a entidades como el Dagma y la CVC en lo t\u00e9cnico y operativo, mejorando la cara natural de Cali.<\/p>\n\n\n\n<p>De hecho, el alcalde Alejandro Eder enfatiz\u00f3 en que la ciudad debe ser coherente con el eje central de la Cumbre, es decir que no pueden venir los gobernantes de cerca de 200 pa\u00edses del mundo a hablar del medio ambiente en Cali, \u201cpero llegamos y la ciudad no es sostenible, hay basura por todo lado, los r\u00edos est\u00e1n sucios, nadie recicla\u201d.<\/p>\n\n\n\n<p>Por ello, anunci\u00f3 la creaci\u00f3n de un Plan Maestro de Protecci\u00f3n de Biodiversidad, que ser\u00eda financiado por el Ministerio.<\/p>\n\n\n\n<p>\u201cVamos a hacer ese plan para cuidar la biodiversidad desde los macro ecosistemas, pero tambi\u00e9n va a haber una iniciativa pedag\u00f3gica para preparar a nuestros j\u00f3venes y todo el mundo a que cuidemos el medio ambiente\u201d, detall\u00f3 el Alcalde.<\/p>\n\n\n\n<p>Pedidos de la regi\u00f3n para la COP<br>Previo al Consejo Ambiental, en el Centro Cultural de Cali se desarroll\u00f3 el Bloque Regional Parlamentario, que tambi\u00e9n gir\u00f3 en torno a la preparaci\u00f3n para la COP16.<\/p>\n\n\n\n<p>En el encuentro, los gremios y gobernantes del Pac\u00edfico le hicieron tres propuestas a la Naci\u00f3n, representada por la ministra Muhamad.<\/p>\n\n\n\n<p>\u201cLa primera sobre los incentivos tributarios que nos comprometimos a llevar con Planeaci\u00f3n Nacional y al Ministerio de Hacienda para facilitar la preparaci\u00f3n log\u00edstica de hoteler\u00eda\u201d, dijo.<\/p>\n\n\n\n<p>Ir a la fuente para leer el art\u00edculo completo:<br><a href=\"https:\/\/www.elpais.com.co\/cali-cop16\/esta-es-la-estrategia-para-proteger-los-farallones-de-cali-y-la-biodiversidad-de-la-region-0813.html\" title=\"\">Esta es la estrategia para proteger los farallones de Cali y la biodiversidad de la regi\u00f3n<\/a><\/p>\n","protected":false},"excerpt":{"rendered":"<p>El Gobierno Nacional y los mandatarios locales se comprometieron en garantizar la protecci\u00f3n del Parque Nacional Natural Farallones de Cali, que se ha visto fuertemente amenazado por varios delitos ambientales en el \u00faltimo tiempo. Esto en el marco de los preparativos de la COP16. Actividades como la miner\u00eda ilegal, la deforestaci\u00f3n y la sustracci\u00f3n de [&hellip;]<\/p>\n","protected":false},"author":1,"featured_media":12603,"comment_status":"open","ping_status":"open","sticky":false,"template":"","format":"standard","meta":{"_monsterinsights_skip_tracking":false,"_monsterinsights_sitenote_active":false,"_monsterinsights_sitenote_note":"","_monsterinsights_sitenote_category":0,"_joinchat":[],"footnotes":""},"categories":[205],"tags":[],"class_list":["post-12602","post","type-post","status-publish","format-standard","has-post-thumbnail","hentry","category-el-pais"],"aioseo_notices":[],"_links":{"self":[{"href":"https:\/\/lacasadelguatin.co\/index.php\/wp-json\/wp\/v2\/posts\/12602","targetHints":{"allow":["GET"]}}],"collection":[{"href":"https:\/\/lacasadelguatin.co\/index.php\/wp-json\/wp\/v2\/posts"}],"about":[{"href":"https:\/\/lacasadelguatin.co\/index.php\/wp-json\/wp\/v2\/types\/post"}],"author":[{"embeddable":true,"href":"https:\/\/lacasadelguatin.co\/index.php\/wp-json\/wp\/v2\/users\/1"}],"replies":[{"embeddable":true,"href":"https:\/\/lacasadelguatin.co\/index.php\/wp-json\/wp\/v2\/comments?post=12602"}],"version-history":[{"count":1,"href":"https:\/\/lacasadelguatin.co\/index.php\/wp-json\/wp\/v2\/posts\/12602\/revisions"}],"predecessor-version":[{"id":12604,"href":"https:\/\/lacasadelguatin.co\/index.php\/wp-json\/wp\/v2\/posts\/12602\/revisions\/12604"}],"wp:featuredmedia":[{"embeddable":true,"href":"https:\/\/lacasadelguatin.co\/index.php\/wp-json\/wp\/v2\/media\/12603"}],"wp:attachment":[{"href":"https:\/\/lacasadelguatin.co\/index.php\/wp-json\/wp\/v2\/media?parent=12602"}],"wp:term":[{"taxonomy":"category","embeddable":true,"href":"https:\/\/lacasadelguatin.co\/index.php\/wp-json\/wp\/v2\/categories?post=12602"},{"taxonomy":"post_tag","embeddable":true,"href":"https:\/\/lacasadelguatin.co\/index.php\/wp-json\/wp\/v2\/tags?post=12602"}],"curies":[{"name":"wp","href":"https:\/\/api.w.org\/{rel}","templated":true}]}}