{"id":11487,"date":"2024-02-22T20:55:45","date_gmt":"2024-02-22T20:55:45","guid":{"rendered":"https:\/\/lacasadelguatin.co\/?p=11487"},"modified":"2024-02-22T20:55:46","modified_gmt":"2024-02-22T20:55:46","slug":"gran-inauguracion-del-centro-cultural-comunitario-la-buitrera-ccbu","status":"publish","type":"post","link":"https:\/\/lacasadelguatin.co\/index.php\/2024\/02\/22\/gran-inauguracion-del-centro-cultural-comunitario-la-buitrera-ccbu\/","title":{"rendered":"Gran Inauguraci\u00f3n del Centro Cultural Comunitario La Buitrera CCBU"},"content":{"rendered":"\n<h2 class=\"wp-block-heading\">El arte y la cultura llegan a La Buitrera<\/h2>\n\n\n\n<p>Con gran satisfacci\u00f3n  tenemos el gusto de invitarte a \u00a1compartir!, con motivo de la inauguraci\u00f3n -privada- de La Guatina.<\/p>\n\n\n\n<p><strong>D\u00eda<\/strong>: Domingo 25 de febrero de 2024<br><strong>Hora<\/strong>: 3:00 a 6:00 PM<br><strong>Ubicaci\u00f3n<\/strong>: Entrando unos 80 metros por el callej\u00f3n, frente al puesto de salud de El Plan. En el tercer port\u00f3n de la derecha.<\/p>\n","protected":false},"excerpt":{"rendered":"<p>El arte y la cultura llegan a La Buitrera Con gran satisfacci\u00f3n tenemos el gusto de invitarte a \u00a1compartir!, con motivo de la inauguraci\u00f3n -privada- de La Guatina. D\u00eda: Domingo 25 de febrero de 2024Hora: 3:00 a 6:00 PMUbicaci\u00f3n: Entrando unos 80 metros por el callej\u00f3n, frente al puesto de salud de El Plan. En [&hellip;]<\/p>\n","protected":false},"author":1,"featured_media":11488,"comment_status":"open","ping_status":"open","sticky":false,"template":"","format":"standard","meta":{"_monsterinsights_skip_tracking":false,"_monsterinsights_sitenote_active":false,"_monsterinsights_sitenote_note":"","_monsterinsights_sitenote_category":0,"_joinchat":[],"footnotes":""},"categories":[154],"tags":[],"class_list":["post-11487","post","type-post","status-publish","format-standard","has-post-thumbnail","hentry","category-ccbu-convocatoria-1"],"aioseo_notices":[],"_links":{"self":[{"href":"https:\/\/lacasadelguatin.co\/index.php\/wp-json\/wp\/v2\/posts\/11487","targetHints":{"allow":["GET"]}}],"collection":[{"href":"https:\/\/lacasadelguatin.co\/index.php\/wp-json\/wp\/v2\/posts"}],"about":[{"href":"https:\/\/lacasadelguatin.co\/index.php\/wp-json\/wp\/v2\/types\/post"}],"author":[{"embeddable":true,"href":"https:\/\/lacasadelguatin.co\/index.php\/wp-json\/wp\/v2\/users\/1"}],"replies":[{"embeddable":true,"href":"https:\/\/lacasadelguatin.co\/index.php\/wp-json\/wp\/v2\/comments?post=11487"}],"version-history":[{"count":1,"href":"https:\/\/lacasadelguatin.co\/index.php\/wp-json\/wp\/v2\/posts\/11487\/revisions"}],"predecessor-version":[{"id":11489,"href":"https:\/\/lacasadelguatin.co\/index.php\/wp-json\/wp\/v2\/posts\/11487\/revisions\/11489"}],"wp:featuredmedia":[{"embeddable":true,"href":"https:\/\/lacasadelguatin.co\/index.php\/wp-json\/wp\/v2\/media\/11488"}],"wp:attachment":[{"href":"https:\/\/lacasadelguatin.co\/index.php\/wp-json\/wp\/v2\/media?parent=11487"}],"wp:term":[{"taxonomy":"category","embeddable":true,"href":"https:\/\/lacasadelguatin.co\/index.php\/wp-json\/wp\/v2\/categories?post=11487"},{"taxonomy":"post_tag","embeddable":true,"href":"https:\/\/lacasadelguatin.co\/index.php\/wp-json\/wp\/v2\/tags?post=11487"}],"curies":[{"name":"wp","href":"https:\/\/api.w.org\/{rel}","templated":true}]}}