{"id":10853,"date":"2023-12-19T22:37:48","date_gmt":"2023-12-19T22:37:48","guid":{"rendered":"https:\/\/lacasadelguatin.co\/?p=10853"},"modified":"2024-01-16T22:40:27","modified_gmt":"2024-01-16T22:40:27","slug":"comunicado-de-la-feria-rural","status":"publish","type":"post","link":"https:\/\/lacasadelguatin.co\/index.php\/2023\/12\/19\/comunicado-de-la-feria-rural\/","title":{"rendered":"Comunicado de LA FERIA RURAL"},"content":{"rendered":"\n<p>Cordial saludo a nuestra comunidad<\/p>\n\n\n\n<p>Desde la mesa de trabajo de la Feria Rural en articulaci\u00f3n con la Junta Administradora Local y cordinador convocamos a todos los grupos art\u00edsticos y culturales de nuestro corregimiento que deseen participar en la feria rural que se llevar\u00e1 acab\u00f3 el 30 de diciembre 2023 en pueblo nuevo cancha de f\u00fatbol km 7<\/p>\n\n\n\n<p>Enviar propuesta al chat interno del coordinador de la Feria de la Buitrera Sr. Vicente Castro celular: 317 8322331<br>Requisitos:<\/p>\n\n\n\n<ul class=\"wp-block-list\">\n<li>Nombre del grupo<\/li>\n\n\n\n<li>Sector (norte, sur, centro)<\/li>\n\n\n\n<li>El grupo o artista debe vivir en la Buitrera<\/li>\n\n\n\n<li>El horario de las presentaciones se acomodaran&nbsp;de&nbsp;3&nbsp;PM&nbsp;a&nbsp;7&nbsp;PM<\/li>\n<\/ul>\n","protected":false},"excerpt":{"rendered":"<p>Cordial saludo a nuestra comunidad Desde la mesa de trabajo de la Feria Rural en articulaci\u00f3n con la Junta Administradora Local y cordinador convocamos a todos los grupos art\u00edsticos y culturales de nuestro corregimiento que deseen participar en la feria rural que se llevar\u00e1 acab\u00f3 el 30 de diciembre 2023 en pueblo nuevo cancha de [&hellip;]<\/p>\n","protected":false},"author":1,"featured_media":10854,"comment_status":"open","ping_status":"open","sticky":false,"template":"","format":"standard","meta":{"_monsterinsights_skip_tracking":false,"_monsterinsights_sitenote_active":false,"_monsterinsights_sitenote_note":"","_monsterinsights_sitenote_category":0,"_joinchat":[],"footnotes":""},"categories":[125],"tags":[],"class_list":["post-10853","post","type-post","status-publish","format-standard","has-post-thumbnail","hentry","category-comunicado-2"],"aioseo_notices":[],"_links":{"self":[{"href":"https:\/\/lacasadelguatin.co\/index.php\/wp-json\/wp\/v2\/posts\/10853","targetHints":{"allow":["GET"]}}],"collection":[{"href":"https:\/\/lacasadelguatin.co\/index.php\/wp-json\/wp\/v2\/posts"}],"about":[{"href":"https:\/\/lacasadelguatin.co\/index.php\/wp-json\/wp\/v2\/types\/post"}],"author":[{"embeddable":true,"href":"https:\/\/lacasadelguatin.co\/index.php\/wp-json\/wp\/v2\/users\/1"}],"replies":[{"embeddable":true,"href":"https:\/\/lacasadelguatin.co\/index.php\/wp-json\/wp\/v2\/comments?post=10853"}],"version-history":[{"count":1,"href":"https:\/\/lacasadelguatin.co\/index.php\/wp-json\/wp\/v2\/posts\/10853\/revisions"}],"predecessor-version":[{"id":10855,"href":"https:\/\/lacasadelguatin.co\/index.php\/wp-json\/wp\/v2\/posts\/10853\/revisions\/10855"}],"wp:featuredmedia":[{"embeddable":true,"href":"https:\/\/lacasadelguatin.co\/index.php\/wp-json\/wp\/v2\/media\/10854"}],"wp:attachment":[{"href":"https:\/\/lacasadelguatin.co\/index.php\/wp-json\/wp\/v2\/media?parent=10853"}],"wp:term":[{"taxonomy":"category","embeddable":true,"href":"https:\/\/lacasadelguatin.co\/index.php\/wp-json\/wp\/v2\/categories?post=10853"},{"taxonomy":"post_tag","embeddable":true,"href":"https:\/\/lacasadelguatin.co\/index.php\/wp-json\/wp\/v2\/tags?post=10853"}],"curies":[{"name":"wp","href":"https:\/\/api.w.org\/{rel}","templated":true}]}}