{"id":10518,"date":"2023-12-28T15:38:10","date_gmt":"2023-12-28T15:38:10","guid":{"rendered":"https:\/\/lacasadelguatin.co\/?p=10518"},"modified":"2024-01-29T19:50:21","modified_gmt":"2024-01-29T19:50:21","slug":"agua-para-la-vida-movimiento-cero-montana","status":"publish","type":"post","link":"https:\/\/lacasadelguatin.co\/index.php\/2023\/12\/28\/agua-para-la-vida-movimiento-cero-montana\/","title":{"rendered":"Agua para la vida &#8211; MOVIMIENTO CERO MONTA\u00d1A"},"content":{"rendered":"\n<figure class=\"wp-block-embed is-type-video is-provider-youtube wp-block-embed-youtube wp-embed-aspect-16-9 wp-has-aspect-ratio\"><div class=\"wp-block-embed__wrapper\">\n<iframe title=\"AGUA PARA LA VIDA1\" width=\"800\" height=\"450\" src=\"https:\/\/www.youtube.com\/embed\/p3sxO9LggK4?feature=oembed\" frameborder=\"0\" allow=\"accelerometer; autoplay; clipboard-write; encrypted-media; gyroscope; picture-in-picture; web-share\" referrerpolicy=\"strict-origin-when-cross-origin\" allowfullscreen><\/iframe>\n<\/div><\/figure>\n\n\n\n<p>A 4.100 metros de altura se eleva nuestra ni\u00f1a: la cordillera occidental, la formaci\u00f3n rocosa m\u00e1s j\u00f3ven de nuestros grandiosos y ancestrales Andes de Suram\u00e9rica.<\/p>\n\n\n\n<p>Ella, un tesoro invaluable de la humanidad: Los Farallones de Cali; \u00e1rea protegida que actualmente sufre los saqueos del oro y la gran contaminaci\u00f3n de las fuentes h\u00eddricas por mercurio y cianuro vertidos por la extracci\u00f3n minera de la que tambi\u00e9n son v\u00edctimas cientos de especies de flora y fauna del suroccidente colombiano.<\/p>\n\n\n\n<p>Debido a esta grave problem\u00e1tica que pone en riesgo la vida humana y de todas estas especies; y despu\u00e9s del estallido social del 28 de abril del 2021 que despierta a todos los sectores sociales, acad\u00e9micos y econ\u00f3micos, siendo Cali el epicentro de muertes y horrores que generan una unidad de tejido social que da inicio al movimiento ciudadano llamado MOVIMIENTO CERO MONTA\u00d1A.<\/p>\n\n\n\n<p>En este cortometraje documental queremos mostrar la urgencia de estar unidos entorno al agua y las afectaciones socioambientales que implican actualmente la extracci\u00f3n de miner\u00eda y la necesidad imperiosa de un trabajo socio-pedag\u00f3gico desde el ser, en torno a pr\u00e1cticas ecol\u00f3gicas de sensibilizaci\u00f3n hacia la vida en nuestras ciudades, y buscar la continua denuncia p\u00fablica ante la Procuradur\u00eda y medios masivos teniendo como base las evidencias que arrojan los estudios de la Universidad de Espa\u00f1aque confirman la gravedad de los riegos para la salud.<\/p>\n\n\n\n<p>Escuela de comunicaci\u00f3n Transmedia y Derechos Humanos CORPORACI\u00d3N PARA EL DESARROLLO REGIONAL &#8211; CDR. Trabajo final presentado por Margaret Capera y Manuel Zuluaga.<\/p>\n","protected":false},"excerpt":{"rendered":"<p>A 4.100 metros de altura se eleva nuestra ni\u00f1a: la cordillera occidental, la formaci\u00f3n rocosa m\u00e1s j\u00f3ven de nuestros grandiosos y ancestrales Andes de Suram\u00e9rica. Ella, un tesoro invaluable de la humanidad: Los Farallones de Cali; \u00e1rea protegida que actualmente sufre los saqueos del oro y la gran contaminaci\u00f3n de las fuentes h\u00eddricas por mercurio [&hellip;]<\/p>\n","protected":false},"author":1,"featured_media":10519,"comment_status":"open","ping_status":"open","sticky":false,"template":"","format":"standard","meta":{"_monsterinsights_skip_tracking":false,"_monsterinsights_sitenote_active":false,"_monsterinsights_sitenote_note":"","_monsterinsights_sitenote_category":0,"_joinchat":[],"footnotes":""},"categories":[96],"tags":[],"class_list":["post-10518","post","type-post","status-publish","format-standard","has-post-thumbnail","hentry","category-rios"],"aioseo_notices":[],"_links":{"self":[{"href":"https:\/\/lacasadelguatin.co\/index.php\/wp-json\/wp\/v2\/posts\/10518","targetHints":{"allow":["GET"]}}],"collection":[{"href":"https:\/\/lacasadelguatin.co\/index.php\/wp-json\/wp\/v2\/posts"}],"about":[{"href":"https:\/\/lacasadelguatin.co\/index.php\/wp-json\/wp\/v2\/types\/post"}],"author":[{"embeddable":true,"href":"https:\/\/lacasadelguatin.co\/index.php\/wp-json\/wp\/v2\/users\/1"}],"replies":[{"embeddable":true,"href":"https:\/\/lacasadelguatin.co\/index.php\/wp-json\/wp\/v2\/comments?post=10518"}],"version-history":[{"count":1,"href":"https:\/\/lacasadelguatin.co\/index.php\/wp-json\/wp\/v2\/posts\/10518\/revisions"}],"predecessor-version":[{"id":10520,"href":"https:\/\/lacasadelguatin.co\/index.php\/wp-json\/wp\/v2\/posts\/10518\/revisions\/10520"}],"wp:featuredmedia":[{"embeddable":true,"href":"https:\/\/lacasadelguatin.co\/index.php\/wp-json\/wp\/v2\/media\/10519"}],"wp:attachment":[{"href":"https:\/\/lacasadelguatin.co\/index.php\/wp-json\/wp\/v2\/media?parent=10518"}],"wp:term":[{"taxonomy":"category","embeddable":true,"href":"https:\/\/lacasadelguatin.co\/index.php\/wp-json\/wp\/v2\/categories?post=10518"},{"taxonomy":"post_tag","embeddable":true,"href":"https:\/\/lacasadelguatin.co\/index.php\/wp-json\/wp\/v2\/tags?post=10518"}],"curies":[{"name":"wp","href":"https:\/\/api.w.org\/{rel}","templated":true}]}}