{"id":10445,"date":"2023-11-30T19:57:16","date_gmt":"2023-11-30T19:57:16","guid":{"rendered":"https:\/\/lacasadelguatin.co\/?p=10445"},"modified":"2024-01-16T22:12:11","modified_gmt":"2024-01-16T22:12:11","slug":"premio-civico-por-una-ciudad-mejor-cali-palmira-yumbo","status":"publish","type":"post","link":"https:\/\/lacasadelguatin.co\/index.php\/2023\/11\/30\/premio-civico-por-una-ciudad-mejor-cali-palmira-yumbo\/","title":{"rendered":"Premio c\u00edvico POR UNA CIUDAD MEJOR Cali, Palmira, Yumbo."},"content":{"rendered":"\t\t<div data-elementor-type=\"wp-post\" data-elementor-id=\"10445\" class=\"elementor elementor-10445\" data-elementor-post-type=\"post\">\n\t\t\t\t\t\t<section class=\"elementor-section elementor-top-section elementor-element elementor-element-f7d7cef elementor-section-boxed elementor-section-height-default elementor-section-height-default\" data-id=\"f7d7cef\" data-element_type=\"section\" data-e-type=\"section\">\n\t\t\t\t\t\t<div class=\"elementor-container elementor-column-gap-default\">\n\t\t\t\t\t<div class=\"elementor-column elementor-col-100 elementor-top-column elementor-element elementor-element-5054445\" data-id=\"5054445\" data-element_type=\"column\" data-e-type=\"column\">\n\t\t\t<div class=\"elementor-widget-wrap elementor-element-populated\">\n\t\t\t\t\t\t<div class=\"elementor-element elementor-element-80e80ec elementor-widget elementor-widget-heading\" data-id=\"80e80ec\" data-element_type=\"widget\" data-e-type=\"widget\" data-widget_type=\"heading.default\">\n\t\t\t\t\t<h2 class=\"elementor-heading-title elementor-size-default\">La Casa del Guat\u00edn ganadora del Premio C\u00edvico por una Ciudad Mejor Cali, Palmira, Yumbo.<\/h2>\t\t\t\t<\/div>\n\t\t\t\t<div class=\"elementor-element elementor-element-f5e5afc elementor-widget elementor-widget-text-editor\" data-id=\"f5e5afc\" data-element_type=\"widget\" data-e-type=\"widget\" data-widget_type=\"text-editor.default\">\n\t\t\t\t\t\t\t\t\t<p>El Premio C\u00edvico por una Ciudad Mejor, un galard\u00f3n que busca reconocer, impulsar y ampliar el impacto de iniciativas innovadoras, que sean construidas de forma colectiva y que trabajen por resolver problemas de sus comunidades, generando valor p\u00fablico de forma sostenible y replicable en las ciudades de Cali, Palmira y Yumbo, fue reconocido en su versi\u00f3n 2023 a La Casa del Guatin peri\u00f3dico rural de La Buitrera.<img decoding=\"async\" class=\"size-medium wp-image-10450 alignright\" src=\"http:\/\/lacasadelguatin.co\/wp-content\/uploads\/2023\/12\/Imagen-de-WhatsApp-2023-11-30-a-las-18.41.09_e9541cf2-300x138.jpg\" alt=\"\" width=\"300\" height=\"138\" srcset=\"https:\/\/lacasadelguatin.co\/wp-content\/uploads\/2023\/12\/Imagen-de-WhatsApp-2023-11-30-a-las-18.41.09_e9541cf2-300x138.jpg 300w, https:\/\/lacasadelguatin.co\/wp-content\/uploads\/2023\/12\/Imagen-de-WhatsApp-2023-11-30-a-las-18.41.09_e9541cf2-1024x472.jpg 1024w, https:\/\/lacasadelguatin.co\/wp-content\/uploads\/2023\/12\/Imagen-de-WhatsApp-2023-11-30-a-las-18.41.09_e9541cf2-768x354.jpg 768w, https:\/\/lacasadelguatin.co\/wp-content\/uploads\/2023\/12\/Imagen-de-WhatsApp-2023-11-30-a-las-18.41.09_e9541cf2.jpg 1280w\" sizes=\"(max-width: 300px) 100vw, 300px\" \/><\/p><p>Es el segundo galard\u00f3n que recibe esta casa editorial como reconocimiento a los aportes entregados a la comunidad buitrere\u00f1a por un desarrollo sostenible y la consolidaci\u00f3n de los est\u00e1ndares rurales de identidad en lo social, pol\u00edtico, comercial, educativo y todos los sectores que interactuamos en el entorno rural de La Buitrera.<\/p><p>Este nuevo logro nos permite continuar la tarea propuesta para avanzar, con mayor ah\u00ednco, en la gesti\u00f3n de fortalecimiento de competencias para la convivencia, y el desarrollo de capacidades para la vida en la ruralidad que necesitan este tipo de apoyos de las dem\u00e1s sociedades de gesti\u00f3n social en b\u00fasqueda de soluciones integrales solidarias y concretas que incluyen procesos de gobernanza ajustados a la realidad de nuestra comunidad que, como lo hemos mencionado a lo largo de todo este proceso, es necesario revisar y transformar si fuere del caso.<\/p><figure id=\"attachment_10451\" aria-describedby=\"caption-attachment-10451\" style=\"width: 1280px\" class=\"wp-caption aligncenter\"><a href=\"https:\/\/alvaralice.org\/la-fundacion\/\"><img fetchpriority=\"high\" decoding=\"async\" class=\"wp-image-10451 size-full\" src=\"http:\/\/lacasadelguatin.co\/wp-content\/uploads\/2023\/12\/alvarice.webp\" alt=\"\" width=\"1280\" height=\"555\" srcset=\"https:\/\/lacasadelguatin.co\/wp-content\/uploads\/2023\/12\/alvarice.webp 1280w, https:\/\/lacasadelguatin.co\/wp-content\/uploads\/2023\/12\/alvarice-300x130.webp 300w, https:\/\/lacasadelguatin.co\/wp-content\/uploads\/2023\/12\/alvarice-1024x444.webp 1024w, https:\/\/lacasadelguatin.co\/wp-content\/uploads\/2023\/12\/alvarice-768x333.webp 768w\" sizes=\"(max-width: 1280px) 100vw, 1280px\" \/><\/a><figcaption id=\"caption-attachment-10451\" class=\"wp-caption-text\">fundacionalavrice.org<\/figcaption><\/figure><p>Agradecemos a la Fundaci\u00f3n Alvarice, entidad de car\u00e1cter privado, sin \u00e1nimo de lucro con sedes en Cali, Colombia, y New York, USA, por todo el proceso que permiti\u00f3 nuestra participaci\u00f3n entre los emprendimientos seleccionados finalistas y por supuesto las consideraciones que les llev\u00f3 a declararnos ganadores de este premio.<\/p><p>Como equipo interdisciplinario seguimos comprometidos con esta noble causa que nos une para llevarla con excelencia hasta entregar la posta continuadora.<\/p><p>\u00a0<\/p>\t\t\t\t\t\t\t\t<\/div>\n\t\t\t\t<div class=\"elementor-element elementor-element-c37d329 elementor-widget elementor-widget-video\" data-id=\"c37d329\" data-element_type=\"widget\" data-e-type=\"widget\" data-settings=\"{&quot;youtube_url&quot;:&quot;https:\\\/\\\/youtu.be\\\/0edRITeiuEg&quot;,&quot;video_type&quot;:&quot;youtube&quot;,&quot;controls&quot;:&quot;yes&quot;}\" data-widget_type=\"video.default\">\n\t\t\t\t\t\t\t<div class=\"elementor-wrapper elementor-open-inline\">\n\t\t\t<div class=\"elementor-video\"><\/div>\t\t<\/div>\n\t\t\t\t\t\t<\/div>\n\t\t\t\t\t<\/div>\n\t\t<\/div>\n\t\t\t\t\t<\/div>\n\t\t<\/section>\n\t\t\t\t<\/div>\n\t\t","protected":false},"excerpt":{"rendered":"<p>La Casa del Guat\u00edn ganadora del Premio C\u00edvico por una Ciudad Mejor Cali, Palmira, Yumbo. El Premio C\u00edvico por una Ciudad Mejor, un galard\u00f3n que busca reconocer, impulsar y ampliar el impacto de iniciativas innovadoras, que sean construidas de forma colectiva y que trabajen por resolver problemas de sus comunidades, generando valor p\u00fablico de forma [&hellip;]<\/p>\n","protected":false},"author":1,"featured_media":10495,"comment_status":"open","ping_status":"open","sticky":false,"template":"","format":"standard","meta":{"_monsterinsights_skip_tracking":false,"_monsterinsights_sitenote_active":false,"_monsterinsights_sitenote_note":"","_monsterinsights_sitenote_category":0,"_joinchat":[],"footnotes":""},"categories":[113],"tags":[],"class_list":["post-10445","post","type-post","status-publish","format-standard","has-post-thumbnail","hentry","category-reconocimientos"],"aioseo_notices":[],"_links":{"self":[{"href":"https:\/\/lacasadelguatin.co\/index.php\/wp-json\/wp\/v2\/posts\/10445","targetHints":{"allow":["GET"]}}],"collection":[{"href":"https:\/\/lacasadelguatin.co\/index.php\/wp-json\/wp\/v2\/posts"}],"about":[{"href":"https:\/\/lacasadelguatin.co\/index.php\/wp-json\/wp\/v2\/types\/post"}],"author":[{"embeddable":true,"href":"https:\/\/lacasadelguatin.co\/index.php\/wp-json\/wp\/v2\/users\/1"}],"replies":[{"embeddable":true,"href":"https:\/\/lacasadelguatin.co\/index.php\/wp-json\/wp\/v2\/comments?post=10445"}],"version-history":[{"count":60,"href":"https:\/\/lacasadelguatin.co\/index.php\/wp-json\/wp\/v2\/posts\/10445\/revisions"}],"predecessor-version":[{"id":10517,"href":"https:\/\/lacasadelguatin.co\/index.php\/wp-json\/wp\/v2\/posts\/10445\/revisions\/10517"}],"wp:featuredmedia":[{"embeddable":true,"href":"https:\/\/lacasadelguatin.co\/index.php\/wp-json\/wp\/v2\/media\/10495"}],"wp:attachment":[{"href":"https:\/\/lacasadelguatin.co\/index.php\/wp-json\/wp\/v2\/media?parent=10445"}],"wp:term":[{"taxonomy":"category","embeddable":true,"href":"https:\/\/lacasadelguatin.co\/index.php\/wp-json\/wp\/v2\/categories?post=10445"},{"taxonomy":"post_tag","embeddable":true,"href":"https:\/\/lacasadelguatin.co\/index.php\/wp-json\/wp\/v2\/tags?post=10445"}],"curies":[{"name":"wp","href":"https:\/\/api.w.org\/{rel}","templated":true}]}}