{"id":10309,"date":"2023-08-22T17:53:00","date_gmt":"2023-08-22T17:53:00","guid":{"rendered":"https:\/\/lacasadelguatin.co\/?p=10309"},"modified":"2023-10-25T17:19:41","modified_gmt":"2023-10-25T17:19:41","slug":"diario-el-pais-de-cali-corregimiento-de-cali-advirtio-que-impulsara-su-independencia-si-avanza-proyecto-de-estratificacion","status":"publish","type":"post","link":"https:\/\/lacasadelguatin.co\/index.php\/2023\/08\/22\/diario-el-pais-de-cali-corregimiento-de-cali-advirtio-que-impulsara-su-independencia-si-avanza-proyecto-de-estratificacion\/","title":{"rendered":"Diario El Pa\u00eds de Cali: \u00abCorregimiento de Cali advirti\u00f3 que impulsar\u00e1 su independencia si avanza proyecto de estratificaci\u00f3n\u00bb."},"content":{"rendered":"\n<p><a href=\"https:\/\/www.elpais.com.co\/cali\/corregimiento-de-cali-advirtio-que-impulsara-su-independencia-si-avanza-proyecto-de-estratificacion-2255.html\">https:\/\/www.elpais.com.co\/cali\/corregimiento-de-cali-advirtio-que-impulsara-su-independencia-si-avanza-proyecto-de-estratificacion-2255.html<\/a><\/p>\n\n\n\n<p>El peri\u00f3dico El Pa\u00eds public\u00f3 esta noticia el 22 de agosto de 2023 destacando: \u00abLuego de que se aprobara en primer debate, el pasado 10 de agosto, el proyecto de Cali Distrito, laMesa de Gobernanza local de la Buitrera inform\u00f3 que<strong>&nbsp;en que caso de que la iniciativa sea aprobada, buscar\u00e1n independizarse de la capital del Valle del Cauca<\/strong>, en medio de los debates por las elecciones de octubre.\u00bb Ver la publicaci\u00f3n haciedndo clic en el enlace.<\/p>\n","protected":false},"excerpt":{"rendered":"<p>https:\/\/www.elpais.com.co\/cali\/corregimiento-de-cali-advirtio-que-impulsara-su-independencia-si-avanza-proyecto-de-estratificacion-2255.html El peri\u00f3dico El Pa\u00eds public\u00f3 esta noticia el 22 de agosto de 2023 destacando: \u00abLuego de que se aprobara en primer debate, el pasado 10 de agosto, el proyecto de Cali Distrito, laMesa de Gobernanza local de la Buitrera inform\u00f3 que&nbsp;en que caso de que la iniciativa sea aprobada, buscar\u00e1n independizarse de la capital [&hellip;]<\/p>\n","protected":false},"author":1,"featured_media":10310,"comment_status":"open","ping_status":"open","sticky":false,"template":"","format":"standard","meta":{"_monsterinsights_skip_tracking":false,"_monsterinsights_sitenote_active":false,"_monsterinsights_sitenote_note":"","_monsterinsights_sitenote_category":0,"_joinchat":[],"footnotes":""},"categories":[110],"tags":[],"class_list":["post-10309","post","type-post","status-publish","format-standard","has-post-thumbnail","hentry","category-medios"],"aioseo_notices":[],"_links":{"self":[{"href":"https:\/\/lacasadelguatin.co\/index.php\/wp-json\/wp\/v2\/posts\/10309","targetHints":{"allow":["GET"]}}],"collection":[{"href":"https:\/\/lacasadelguatin.co\/index.php\/wp-json\/wp\/v2\/posts"}],"about":[{"href":"https:\/\/lacasadelguatin.co\/index.php\/wp-json\/wp\/v2\/types\/post"}],"author":[{"embeddable":true,"href":"https:\/\/lacasadelguatin.co\/index.php\/wp-json\/wp\/v2\/users\/1"}],"replies":[{"embeddable":true,"href":"https:\/\/lacasadelguatin.co\/index.php\/wp-json\/wp\/v2\/comments?post=10309"}],"version-history":[{"count":2,"href":"https:\/\/lacasadelguatin.co\/index.php\/wp-json\/wp\/v2\/posts\/10309\/revisions"}],"predecessor-version":[{"id":10432,"href":"https:\/\/lacasadelguatin.co\/index.php\/wp-json\/wp\/v2\/posts\/10309\/revisions\/10432"}],"wp:featuredmedia":[{"embeddable":true,"href":"https:\/\/lacasadelguatin.co\/index.php\/wp-json\/wp\/v2\/media\/10310"}],"wp:attachment":[{"href":"https:\/\/lacasadelguatin.co\/index.php\/wp-json\/wp\/v2\/media?parent=10309"}],"wp:term":[{"taxonomy":"category","embeddable":true,"href":"https:\/\/lacasadelguatin.co\/index.php\/wp-json\/wp\/v2\/categories?post=10309"},{"taxonomy":"post_tag","embeddable":true,"href":"https:\/\/lacasadelguatin.co\/index.php\/wp-json\/wp\/v2\/tags?post=10309"}],"curies":[{"name":"wp","href":"https:\/\/api.w.org\/{rel}","templated":true}]}}